{"id":12591,"date":"2023-01-16T22:35:05","date_gmt":"2023-01-16T22:35:05","guid":{"rendered":"https:\/\/rp221.com\/?p=12591"},"modified":"2023-01-16T22:49:14","modified_gmt":"2023-01-16T22:49:14","slug":"les-interets-des-producteurs-darachide-au-centre-des-preoccupations-du-gouvernement","status":"publish","type":"post","link":"https:\/\/rp221.com\/?p=12591","title":{"rendered":"Les int\u00e9r\u00eats des producteurs d&rsquo;arachide au centre des pr\u00e9occupations du gouvernement"},"content":{"rendered":"\n<h3 class=\"red\"><strong><em>Les int\u00e9r\u00eats des producteurs d'arachide au centre des pr\u00e9occupations du gouvernement (ministre)<\/em><\/strong><\/h3>\nSangalkam (Rufisque), 15 jan (APS) - La pr\u00e9servation des int\u00e9r\u00eats des producteurs d\u2019arachide est la priorit\u00e9 du gouvernement, qui, dans le cadre de la commercialisation de cette sp\u00e9culation, s\u2019\u00e9vertue \u00e9galement \u00e0 prot\u00e9ger ceux des autres acteurs de la fili\u00e8re, en particulier les huiliers, a d\u00e9clar\u00e9 dimanche le ministre de l\u2019Agriculture et de l\u2019Equipement rural.\n<h4 class=\"blue\"><strong><em>\u2018\u2019Je pense que ce qu\u2019il faut d\u2019abord voir, c\u2019est qui doit-on prot\u00e9ger\u00a0? C\u2019est tout le monde, mais en tenant compte du r\u00f4le que chacun doit avoir. Le producteur est le premier acteur \u00e0 prot\u00e9ger\u2019\u2019, a-t-il dit dans une interview accord\u00e9e \u00e0 l\u2019APS, ce dimanche dans les locaux de l\u2019ISRA, \u00e0 Sangalkam.<\/em><\/strong><\/h4>\nLa campagne de commercialisation arachidi\u00e8re de cette ann\u00e9e est marqu\u00e9e par le retour en force des commer\u00e7ants \u00e9trangers, compos\u00e9s en grande majorit\u00e9 de Chinois. Ils ont r\u00e9alis\u00e9 d\u2019importantes collectes de graines\u2013environ150.000 tonnes--\u00e0 des prix souvent nettement sup\u00e9rieurs au prix plancher de 275 francs fix\u00e9 par le gouvernement.\nSi ces prix r\u00e9mun\u00e9rateurs font le bonheur des producteurs et des op\u00e9rateurs priv\u00e9s s\u00e9n\u00e9galais, ces exportations massives de graines ont eu pour cons\u00e9quence de freiner les collectes des huiliers.\nTandis que les premiers militent pour la poursuite des achats par les commer\u00e7ants \u00e9trangers, les seconds r\u00e9clament leur arr\u00eat pour leur permettre de faire tourner leurs usines.\nLe ministre de l\u2019Agriculture estime qu\u2019il s\u2019agit l\u00e0 d\u2019une \u2018\u2019question tr\u00e8s d\u00e9licate qu\u2019il faut arbitrer tous les jours\u2019\u2019. \u2018\u2019Ce qui est important au niveau de l\u2019Etat, c\u2019est de voir dans sa globalit\u00e9 quelle est la meilleure attitude qu\u2019il faut avoir\u2019\u2019, a-t-il expliqu\u00e9.\nIl a rappel\u00e9 que c\u2019est \u00e0 cause de la \u2018\u2019m\u00e9vente totale de l\u2019arachide\u2019\u2019 not\u00e9e il y a quelques ann\u00e9es, que d\u2019\u2019\u2019intenses n\u00e9gociations\u2019\u2019 avaient \u00e9t\u00e9 engag\u00e9es pour \u2018\u2019pousser, sur la base de cahiers de charge bien \u00e9tablis\u2019\u2019, les Chinois \u00e0 \u2018\u2019venir au secours pour l\u2019achat de l\u2019arachide au S\u00e9n\u00e9gal\u2019\u2019.\n<h4 class=\"blue\"><strong><em>Selon lui, malgr\u00e9 les bruits faits autour de la campagne de commercialisation, \u2018\u2019les producteurs sont quand m\u00eame satisfaits\u2019\u2019. D\u00e8s les premi\u00e8res semaines de la campagne de commercialisation qui a d\u00e9marr\u00e9 le 21 novembre, \u2018\u2019les producteurs vendaient d\u00e9j\u00e0 bord champs \u00e0 plus de 300, 325\u2019\u2019, voire 400 francs pour un prix plancher de 275 francs, a dit le ministre.<\/em><\/strong><\/h4>\n\u2018\u2019Donc, les producteurs ont ces prix parce que les Chinois sont l\u00e0. Ce sont des acheteurs, on les prot\u00e8ge. Mais, dans le m\u00eame ordre d\u2019id\u00e9es, on prot\u00e8ge \u00e9galement les unit\u00e9s industrielles, telles que SONACOS, Copeol et d\u2019autres. (\u2026)\u2019\u2019, a-t-il assur\u00e9.\nSelon lui, \u2018\u2019c\u2019est un arbitrage [qui est fait] de fa\u00e7on quotidienne, mais en cherchant en priorit\u00e9 \u00e0 pr\u00e9server les int\u00e9r\u00eats des producteurs qui sont aujourd\u2019hui six millions de personnes \u00e0 s\u2019int\u00e9resser \u00e0 l\u2019arachide\u2019\u2019, a-t-il d\u00e9clar\u00e9.\nMais, m\u00eame si \u2018\u2019 ce sont les premi\u00e8res personnes qu\u2019il faut prot\u00e9ger\u2019\u2019, il n\u2019en demeure pas moins qu\u2019\u2019\u2019il faut, \u00e0 chaque fois, trouver une conciliation avec les besoins de nos huileries\u2019\u2019.\nPour le ministre, prot\u00e9ger le producteur, c\u2019est d\u2019abord et avant tout \u2018\u2019l\u2019aider \u00e0 \u00e9couler sa production\u2019\u2019. Il ajoute que son d\u00e9partement pense \u2018\u2019trouver une position qui devrait concilier les int\u00e9r\u00eats des uns et des autres, mais en mettant au centre l\u2019int\u00e9r\u00eat du producteur\u2019\u2019.ASG\/OID\n","protected":false},"excerpt":{"rendered":"<p>Les int\u00e9r\u00eats des producteurs d&rsquo;arachide au centre des pr\u00e9occupations du gouvernement (ministre) Sangalkam (Rufisque), 15 jan (APS) &#8211; La pr\u00e9servation des int\u00e9r\u00eats des producteurs d\u2019arachide est la priorit\u00e9 du gouvernement, qui, dans le cadre de la commercialisation de cette sp\u00e9culation, s\u2019\u00e9vertue \u00e9galement \u00e0 prot\u00e9ger ceux des autres acteurs de la fili\u00e8re, en particulier les huiliers, [&hellip;]<\/p>\n","protected":false},"author":8,"featured_media":0,"comment_status":"open","ping_status":"open","sticky":false,"template":"","format":"standard","meta":{"_jetpack_newsletter_access":"","_jetpack_dont_email_post_to_subs":false,"_jetpack_newsletter_tier_id":0,"_jetpack_memberships_contains_paywalled_content":false,"_jetpack_memberships_contains_paid_content":false,"footnotes":""},"categories":[42],"tags":[722],"class_list":["post-12591","post","type-post","status-publish","format-standard","hentry","category-economie","tag-arachide"],"jetpack_featured_media_url":"","jetpack_sharing_enabled":true,"_links":{"self":[{"href":"https:\/\/rp221.com\/index.php?rest_route=\/wp\/v2\/posts\/12591","targetHints":{"allow":["GET"]}}],"collection":[{"href":"https:\/\/rp221.com\/index.php?rest_route=\/wp\/v2\/posts"}],"about":[{"href":"https:\/\/rp221.com\/index.php?rest_route=\/wp\/v2\/types\/post"}],"author":[{"embeddable":true,"href":"https:\/\/rp221.com\/index.php?rest_route=\/wp\/v2\/users\/8"}],"replies":[{"embeddable":true,"href":"https:\/\/rp221.com\/index.php?rest_route=%2Fwp%2Fv2%2Fcomments&post=12591"}],"version-history":[{"count":0,"href":"https:\/\/rp221.com\/index.php?rest_route=\/wp\/v2\/posts\/12591\/revisions"}],"wp:attachment":[{"href":"https:\/\/rp221.com\/index.php?rest_route=%2Fwp%2Fv2%2Fmedia&parent=12591"}],"wp:term":[{"taxonomy":"category","embeddable":true,"href":"https:\/\/rp221.com\/index.php?rest_route=%2Fwp%2Fv2%2Fcategories&post=12591"},{"taxonomy":"post_tag","embeddable":true,"href":"https:\/\/rp221.com\/index.php?rest_route=%2Fwp%2Fv2%2Ftags&post=12591"}],"curies":[{"name":"wp","href":"https:\/\/api.w.org\/{rel}","templated":true}]}}