{"id":12590,"date":"2023-01-16T22:38:43","date_gmt":"2023-01-16T22:38:43","guid":{"rendered":"https:\/\/rp221.com\/?p=12590"},"modified":"2023-01-16T22:49:15","modified_gmt":"2023-01-16T22:49:15","slug":"aly-ngouille-ndiaye-le-capital-semencier-ne-doit-pas-etre-en-competition-avec-les-exportations-darachide","status":"publish","type":"post","link":"https:\/\/rp221.com\/?p=12590","title":{"rendered":"Aly Ngouille Ndiaye : \u00a0\u00bbLe capital semencier ne doit pas \u00eatre en comp\u00e9tition avec les exportations d&rsquo;arachide\u00a0\u00bb"},"content":{"rendered":"\n<h3 class=\"red\"><strong><em>Aly Ngouille Ndiaye : ''Le capital semencier ne doit pas \u00eatre en comp\u00e9tition avec les exportations d'arachide''<\/em><\/strong><\/h3>\nSangalkam (Rufisque), 15 jan (APS) - La production des semences d\u2019arachide ne doit pas \u2018\u2019entrer en comp\u00e9tition\u2019\u2019 avec celle des graines destin\u00e9es \u00e0 l\u2019exportation, a estim\u00e9 dimanche le ministre de l\u2019Agriculture, de l\u2019Equipement rural et de la Souverainet\u00e9 alimentaire, Aly Ngouille Ndiaye.\n<h4 class=\"blue\"><strong><em>\u2018\u2019Normalement, en toute rigueur, ces exportations ne devraient pas \u00eatre en comp\u00e9tition avec le capital semencier. Je le dis en toute rigueur, parce qu\u2019une semence doit normalement suivre une certaine logique. Quand on produit une semence, on produit pour la semence\u2019\u2019, a-t-il d\u00e9clar\u00e9.<\/em><\/strong><\/h4>\nInvit\u00e9 dimanche de la r\u00e9daction de l\u2019APS, Aly Ngouille Ndiaye s\u2019est montr\u00e9 rassurant sur les craintes de certains acteurs de la fili\u00e8re qui redoutent que les exportations massives de commer\u00e7ants \u00e9trangers, en particulier chinois, ne mettent en p\u00e9ril le capital semencier du pays.\nLes op\u00e9rateurs \u00e9trangers auraient export\u00e9, selon le ministre, quelque 150.000 tonnes de graines sur une quantit\u00e9 totale de 1 million 500 mille tonnes produites cette ann\u00e9e.\nLogiquement, avec un tel volume de graines, \u2018\u2019il ne doit pas y avoir de probl\u00e8me\u2019\u2019 de collecte pour les autres acteurs, dont les huiliers, a-t-il insist\u00e9 lors de cette interview r\u00e9alis\u00e9e dans les locaux de l\u2019ISRA, \u00e0 Sangalkam.\n\u2018\u2019(\u2026) les gens qui exportent, n\u2019exportent pas tout. Ils n\u2019ach\u00e8tent pas toute notre production\u2019\u2019, a-t-il expliqu\u00e9.\nLe ministre de l\u2019Agriculture consid\u00e8re que la production de semences \u2018\u2019doit ob\u00e9ir \u00e0 une autre logique\u2019\u2019 que celle commerciale. \u2018\u2019C\u2019est une cha\u00eene qui doit \u00eatre ma\u00eetris\u00e9e de bout en bout. C\u2019est une cha\u00eene qui ne doit pas \u00eatre en conflit avec l\u2019huilerie, logiquement\u2019\u2019, a-t-il indiqu\u00e9.\n<h4 class=\"blue\"><strong><em>Il estime que \u2018\u2019la cha\u00eene de production de semences doit (\u2026) \u00eatre une cha\u00eene tr\u00e8s distincte de la cha\u00eene de la commercialisation\u2019\u2019.<\/em><\/strong><\/h4>\nAly Ngouille Ndiaye d\u00e9clare avoir d\u00e9j\u00e0 signifi\u00e9 aux services de son minist\u00e8re la n\u00e9cessit\u00e9 de sortir \u2018\u2019carr\u00e9ment de cette comp\u00e9tition\u2019\u2019.\nCela permettra notamment d\u2019avoir \u2018\u2019une cha\u00eene qui est contr\u00f4l\u00e9e, ma\u00eetris\u00e9e, comme on le fait pour le coton et d\u2019autres sp\u00e9culations\u2019\u2019.\n\u2018\u2019Il ne devrait pas y avoir de comp\u00e9tition entre (\u2026)\u2019\u2019 entre les graines destin\u00e9es \u00e0 l\u2019exportation et celles d\u00e9di\u00e9es aux semences, a insist\u00e9 le ministre. Il a soulign\u00e9 l\u2019importance de corriger les insuffisances not\u00e9es \u00e0 ce niveau, reconnaissant cependant qu\u2019un tel travail \u2018\u2019n\u2019est pas facile\u2019\u2019. \u2018\u2019\u00c7a va peut-\u00eatre prendre du temps. D\u2019ici deux ans, il est peut-\u00eatre possible de corriger \u00e7a pour l\u2019arachide comme pour les autres sp\u00e9culations\u2019\u2019, a-t-il indiqu\u00e9.\nLe ministre a soulign\u00e9 les progr\u00e8s accomplis par le S\u00e9n\u00e9gal dans la production des semences d\u2019arachide durant la derni\u00e8re d\u00e9cennie.\n\u2018\u2019En 2012, \u00e0 l\u2019arriv\u00e9e du pr\u00e9sident Macky Sall, il y avait 5.000 tonnes de semences certifi\u00e9es d\u2019arachide. L\u2019ann\u00e9e derni\u00e8re, nous avons distribu\u00e9 57.000 tonnes\u2019\u2019, a-t-il r\u00e9v\u00e9l\u00e9.\nIl a promis que pour la campagne agricole \u00e0 venir, le gouvernement souhaite produire davantage de semences certifi\u00e9es.ASG\/OID\n","protected":false},"excerpt":{"rendered":"<p>Aly Ngouille Ndiaye : \u00a0\u00bbLe capital semencier ne doit pas \u00eatre en comp\u00e9tition avec les exportations d&rsquo;arachide\u00a0\u00bb Sangalkam (Rufisque), 15 jan (APS) &#8211; La production des semences d\u2019arachide ne doit pas \u2018\u2019entrer en comp\u00e9tition\u2019\u2019 avec celle des graines destin\u00e9es \u00e0 l\u2019exportation, a estim\u00e9 dimanche le ministre de l\u2019Agriculture, de l\u2019Equipement rural et de la Souverainet\u00e9 [&hellip;]<\/p>\n","protected":false},"author":8,"featured_media":0,"comment_status":"open","ping_status":"open","sticky":false,"template":"","format":"standard","meta":{"_jetpack_newsletter_access":"","_jetpack_dont_email_post_to_subs":false,"_jetpack_newsletter_tier_id":0,"_jetpack_memberships_contains_paywalled_content":false,"_jetpack_memberships_contains_paid_content":false,"footnotes":""},"categories":[42],"tags":[362,364,722,171],"class_list":["post-12590","post","type-post","status-publish","format-standard","hentry","category-economie","tag-agriculture","tag-aly-ngouille-ndiaye","tag-arachide","tag-exportation"],"jetpack_featured_media_url":"","jetpack_sharing_enabled":true,"_links":{"self":[{"href":"https:\/\/rp221.com\/index.php?rest_route=\/wp\/v2\/posts\/12590","targetHints":{"allow":["GET"]}}],"collection":[{"href":"https:\/\/rp221.com\/index.php?rest_route=\/wp\/v2\/posts"}],"about":[{"href":"https:\/\/rp221.com\/index.php?rest_route=\/wp\/v2\/types\/post"}],"author":[{"embeddable":true,"href":"https:\/\/rp221.com\/index.php?rest_route=\/wp\/v2\/users\/8"}],"replies":[{"embeddable":true,"href":"https:\/\/rp221.com\/index.php?rest_route=%2Fwp%2Fv2%2Fcomments&post=12590"}],"version-history":[{"count":0,"href":"https:\/\/rp221.com\/index.php?rest_route=\/wp\/v2\/posts\/12590\/revisions"}],"wp:attachment":[{"href":"https:\/\/rp221.com\/index.php?rest_route=%2Fwp%2Fv2%2Fmedia&parent=12590"}],"wp:term":[{"taxonomy":"category","embeddable":true,"href":"https:\/\/rp221.com\/index.php?rest_route=%2Fwp%2Fv2%2Fcategories&post=12590"},{"taxonomy":"post_tag","embeddable":true,"href":"https:\/\/rp221.com\/index.php?rest_route=%2Fwp%2Fv2%2Ftags&post=12590"}],"curies":[{"name":"wp","href":"https:\/\/api.w.org\/{rel}","templated":true}]}}