{"id":12430,"date":"2023-01-14T07:58:54","date_gmt":"2023-01-14T07:58:54","guid":{"rendered":"https:\/\/rp221.com\/?p=12430"},"modified":"2023-01-14T21:04:54","modified_gmt":"2023-01-14T21:04:54","slug":"interdiction-de-transformation-des-bus-les-chauffeurs-partages","status":"publish","type":"post","link":"https:\/\/rp221.com\/?p=12430","title":{"rendered":"Interdiction de transformation des bus : les chauffeurs partag\u00e9s"},"content":{"rendered":"\n<h3 class=\"red\"><strong><em>Interdiction de transformation des bus : les chauffeurs partag\u00e9s<\/em><\/strong><\/h3>\nDakar, 11 jan (APS) - Des chauffeurs interrog\u00e9s par l'APS sont partag\u00e9s sur les mesures du gouvernement interdisant toute transformation de v\u00e9hicules visant \u00e0 augmenter les places assises pour les passagers ou \u00e0 cr\u00e9er des porte-bagages suppl\u00e9mentaires.\nLe minist\u00e8re des Transports terrestres est appel\u00e9 \u00e0 prendre les dispositions n\u00e9cessaires pour rendre obligatoire le plombage des compteurs de vitesse des v\u00e9hicules de transport de personnes et de marchandises \u00e0 90 km\/heure, a-t-on appris lundi \u00e0 l'issue du conseil interminist\u00e9riel consacr\u00e9 \u00e0 la s\u00e9curit\u00e9 routi\u00e8re.\n<h4 class=\"blue\"><strong><em>\u2018\u2019J'engage le minist\u00e8re en charge des Transports terrestres, de prendre les dispositions n\u00e9cessaires pour rendre obligatoire le plombage des compteurs de vitesse des v\u00e9hicules de transport de personnes et de marchandises \u00e0 90 km\/heure\", a-t-il d\u00e9clar\u00e9 \u00e0 l\u2019issue de cette rencontre.<\/em><\/strong><\/h4>\nAmadou Ba a \u00e9galement demand\u00e9 au ministre de \"prendre un arr\u00eat\u00e9, dans les 72 heures, interdisant toute transformation de v\u00e9hicules destin\u00e9s au transport de marchandises en v\u00e9hicules de transport de passagers.\"\nDe m\u00eame, le chef du gouvernement a demand\u00e9 que soit interdite toute transformation de v\u00e9hicules visant \u00e0 augmenter les places assises pour les passagers ou \u00e0 cr\u00e9er des porte-bagages suppl\u00e9mentaires.\nCe conseil interminist\u00e9riel s\u2019est tenu au lendemain d'un accident de la circulation ayant fait 39 morts et une centaine de bless\u00e9s \u00e0 hauteur de Sikilo, une localit\u00e9 p\u00e9riph\u00e9rique de la ville de Kaffrine situ\u00e9e dans le centre du pays, \u00e0 quelque 250 kilom\u00e8tres de Dakar, la capitale.\nL'interdiction de toute transformation de v\u00e9hicules est \u2018\u2019la plus importante mesure que l\u2019Etat a prise'', selon Amadou Ba, un chauffeur rencontr\u00e9 \u00e0 la gare routi\u00e8re Lat Dior.\n\u2018\u2019Tous les chauffeurs doivent \u0153uvrer pour le d\u00e9veloppement du secteur du transport. Je ne peux pas concevoir des chauffeurs qui chargent leurs porte-bagages \u00e0 hauteur d\u2019un m\u00e8tre et qui parviennent \u00e0 avoir des quittances pour circuler de r\u00e9gion en r\u00e9gion librement. Un chauffeur doit \u00eatre responsable sur tout ce qu\u2019il fait\u2019\u2019, soutient-il.\nBa invite ses coll\u00e8gues \u00e0 \u2018\u2019prendre leur responsabilit\u00e9 et veiller sur la s\u00e9curit\u00e9'' des passagers.\nIl constate souvent que le poids du v\u00e9hicule est inf\u00e9rieur \u00e0 celui des bagages, ce qui peut \u00eatre \u00e0 l'origine d'accidents.\n<h4 class=\"blue\"><strong><em>Dans ces conditions, signale-t-il, \u2018\u2019si les pneus s\u2019\u00e9clatent, cela risque de cr\u00e9er des accidents parce que, le chauffeur n\u2019aura pas de reflexe rapide, les routes \u00e9tant \u00e9troites\u2019\u2019.<\/em><\/strong><\/h4>\nAyant obtenu son permis depuis 2000, Serigne Dione, chauffeur de 42 ans, d\u00e9clare n'\u00eatre pas d\u2019accord avec certains de coll\u00e8gues dont les bus surcharg\u00e9s circulent de r\u00e9gion en r\u00e9gion.\n\u2018\u2019Je fustige le comportement de ces chauffeurs. Certes, on ne peut pas ne pas transporter de bagages, mais il faut qu\u2019on respecte quand m\u00eame le code de la route. Par mesure de prudence\u2019\u2019, a-t-il laiss\u00e9 entendre.\nAbdoulaye Di\u00e8ye, lui invite l'\u2019Etat du S\u00e9n\u00e9gal \u00e0 encadrer cette mesure \u00e9tant donn\u00e9 que les clients voyagent avec des bagages.\n\u2018\u2019On doit encadrer cette mesure. On ne peut pas interdire aux chauffeurs de ne pas d\u00e9passer une certaine limite sur la surcharge de bagages. La preuve, le passager qui doit se rendre \u00e0 Kaolack et qui n\u2019a pas les moyens de payer son transport et celui des bagages comment il doit faire ? C\u2019est pour cela qu\u2019il faut encadrer cette mesure\u2019\u2019, a-t-il conclu.FDS\/OID\/ASB\n","protected":false},"excerpt":{"rendered":"<p>Interdiction de transformation des bus : les chauffeurs partag\u00e9s Dakar, 11 jan (APS) &#8211; Des chauffeurs interrog\u00e9s par l&rsquo;APS sont partag\u00e9s sur les mesures du gouvernement interdisant toute transformation de v\u00e9hicules visant \u00e0 augmenter les places assises pour les passagers ou \u00e0 cr\u00e9er des porte-bagages suppl\u00e9mentaires. Le minist\u00e8re des Transports terrestres est appel\u00e9 \u00e0 prendre [&hellip;]<\/p>\n","protected":false},"author":8,"featured_media":0,"comment_status":"open","ping_status":"open","sticky":false,"template":"","format":"standard","meta":{"_jetpack_newsletter_access":"","_jetpack_dont_email_post_to_subs":false,"_jetpack_newsletter_tier_id":0,"_jetpack_memberships_contains_paywalled_content":false,"_jetpack_memberships_contains_paid_content":false,"footnotes":""},"categories":[43],"tags":[1137],"class_list":["post-12430","post","type-post","status-publish","format-standard","hentry","category-social","tag-securite-routiere"],"jetpack_featured_media_url":"","jetpack_sharing_enabled":true,"_links":{"self":[{"href":"https:\/\/rp221.com\/index.php?rest_route=\/wp\/v2\/posts\/12430","targetHints":{"allow":["GET"]}}],"collection":[{"href":"https:\/\/rp221.com\/index.php?rest_route=\/wp\/v2\/posts"}],"about":[{"href":"https:\/\/rp221.com\/index.php?rest_route=\/wp\/v2\/types\/post"}],"author":[{"embeddable":true,"href":"https:\/\/rp221.com\/index.php?rest_route=\/wp\/v2\/users\/8"}],"replies":[{"embeddable":true,"href":"https:\/\/rp221.com\/index.php?rest_route=%2Fwp%2Fv2%2Fcomments&post=12430"}],"version-history":[{"count":0,"href":"https:\/\/rp221.com\/index.php?rest_route=\/wp\/v2\/posts\/12430\/revisions"}],"wp:attachment":[{"href":"https:\/\/rp221.com\/index.php?rest_route=%2Fwp%2Fv2%2Fmedia&parent=12430"}],"wp:term":[{"taxonomy":"category","embeddable":true,"href":"https:\/\/rp221.com\/index.php?rest_route=%2Fwp%2Fv2%2Fcategories&post=12430"},{"taxonomy":"post_tag","embeddable":true,"href":"https:\/\/rp221.com\/index.php?rest_route=%2Fwp%2Fv2%2Ftags&post=12430"}],"curies":[{"name":"wp","href":"https:\/\/api.w.org\/{rel}","templated":true}]}}