{"id":12249,"date":"2023-01-10T23:02:39","date_gmt":"2023-01-10T23:02:39","guid":{"rendered":"https:\/\/rp221.com\/?p=12249"},"modified":"2023-01-10T23:12:45","modified_gmt":"2023-01-10T23:12:45","slug":"campagne-de-commercialisation-arachidiere-ca-traine","status":"publish","type":"post","link":"https:\/\/rp221.com\/?p=12249","title":{"rendered":"Campagne de commercialisation Arachidi\u00e8re : \u00c7a traine\u00a0!"},"content":{"rendered":"\n<h3 class=\"red\"><strong><em>Campagne de commercialisation Arachidi\u00e8re : \u00c7a traine\u00a0!<\/em><\/strong><\/h3>\n<a href=\"https:\/\/www.rewmi.com\" data-saferedirecturl=\"https:\/\/www.google.com\/url?hl=fr&amp;q=https:\/\/www.rewmi.com&amp;source=gmail&amp;ust=1673466403604000&amp;usg=AOvVaw3rLEGZD8v-rioozLvOq7Bz\">https:\/\/www.rewmi.com<\/a> Depuis le d\u00e9marrage de campagne de commercialisation Arachidi\u00e8re, le 21 novembre dernier, la direction r\u00e9gionale de la Soci\u00e9t\u00e9 nationale de commercialisation des ol\u00e9agineux du S\u00e9n\u00e9gal (Sonacos) de Louga n\u2019a pu collecter que 2008 tonnes contre 4555 tonnes, \u00e0 la m\u00eame p\u00e9riode l\u2019ann\u00e9e derni\u00e8re. Malgr\u00e9 les moyens financiers et la r\u00e9vision du mat\u00e9riel de collecte, les op\u00e9rateurs se font encore d\u00e9sirer.\nL\u2019usine de la Sonacos de la capitale du Ndiambour ne tourne pas encore \u00e0 plein r\u00e9gime dans la pr\u00e9sente campagne de commercialisation agricole. Un mois apr\u00e8s le d\u00e9marrage de la campagne officielle, le 21 novembre dernier, elle n\u2019a pu collecter que 228 tonnes de graines d\u2019arachide contre 4555 tonnes l\u2019ann\u00e9e derni\u00e8re \u00e0 la m\u00eame p\u00e9riode. Une quantit\u00e9 jug\u00e9e trop faible par Touba, coordonnateur de l\u2019usine de Louga, qui d\u00e9plore la concurrence sur le march\u00e9 .Appr\u00e9ciant le niveau de collecte, Mor Baty L\u00f4, pr\u00e9sident de la F\u00e9d\u00e9ration des associations priv\u00e9es stockeurs de la r\u00e9gion de Louga ne cache pas son inqui\u00e9tude. \u00ab\u00a0La campagne a mal d\u00e9marr\u00e9 difficilement, voire catastrophique .Nous attirons l\u2019attention de l\u2019Etat\u00a0\u00bb, juge-t-il. Il pointe du doigt les services d\u00e9concentr\u00e9s de l\u2019Etat de fournir de faux rapports sur la situation agricole et sur les projections des r\u00e9coltes.\u00a0\u00ab\u00a0Les faux rapports qu\u2019on pr\u00e9sente \u00e0 l\u2019Etat font croire que tout est bon alors que sur le terrain, la r\u00e9alit\u00e9 est tout autre.\nC\u2019est \u00e7a qui fausse tout, d\u00e8s le d\u00e9marrage de la campagne\u00a0\u00bb, soutient-il Mor Baty L\u00f4 est convaincu qu\u2019au rythme actuel de la collecte, on s\u2019achemine directement vers une grande catastrophe\u00a0\u00bb, car, dit-il et les usine de la Sonacos ne re\u00e7oivent pas beaucoup de graines d\u2019arachide ,il n\u2019y aura pas de semences d\u2019arachide l\u2019ann\u00e9e prochaine .\u00a0\u00ab\u00a0C\u2019est la fili\u00e8re arachidi\u00e8re qui est actuellement menac\u00e9e\u00a0\u00bb,alerte M L\u00f4 Ce dernier lance un appel \u00e0 l\u2019Etat du S\u00e9n\u00e9gal \u00e0 \u00ab\u00a0revoir les prix propos\u00e9s aux producteurs \u00e0 la hausse pour pouvoir contenir la fuite des graines vers les march\u00e9s parall\u00e8les et permettre \u00e0 la Sonacos d\u2019atteindre ses objectifs de collecte. Nous attirons l\u2019attention des autorit\u00e9s sur cette situation qui aura des cons\u00e9quences tr\u00e8s graves sur les travailleurs .\nUne situation qui, pour certains constitue un risque pour le capital semencier \u00bb, insiste-t-il. Dans le march\u00e9 parall\u00e8le, fait-il remarquer ,le kilogramme co\u00fbte entre 400 et 410 Francs Cfa alors que la Sonacos ach\u00e8te \u00e0 275 FCFA . Pour lui, l\u2019Etat doit geler les exportations ne serait que spontan\u00e9ment, afin permettre aux soci\u00e9t\u00e9s nationales d\u2019avoir la priorit\u00e9 sur l\u2019achat de l\u2019arachide .<strong>Sidy Thiam<\/strong>\n","protected":false},"excerpt":{"rendered":"<p>Campagne de commercialisation Arachidi\u00e8re : \u00c7a traine\u00a0! https:\/\/www.rewmi.com Depuis le d\u00e9marrage de campagne de commercialisation Arachidi\u00e8re, le 21 novembre dernier, la direction r\u00e9gionale de la Soci\u00e9t\u00e9 nationale de commercialisation des ol\u00e9agineux du S\u00e9n\u00e9gal (Sonacos) de Louga n\u2019a pu collecter que 2008 tonnes contre 4555 tonnes, \u00e0 la m\u00eame p\u00e9riode l\u2019ann\u00e9e derni\u00e8re. Malgr\u00e9 les moyens financiers [&hellip;]<\/p>\n","protected":false},"author":8,"featured_media":0,"comment_status":"open","ping_status":"open","sticky":false,"template":"","format":"standard","meta":{"_jetpack_newsletter_access":"","_jetpack_dont_email_post_to_subs":false,"_jetpack_newsletter_tier_id":0,"_jetpack_memberships_contains_paywalled_content":false,"_jetpack_memberships_contains_paid_content":false,"footnotes":""},"categories":[42],"tags":[746],"class_list":["post-12249","post","type-post","status-publish","format-standard","hentry","category-economie","tag-campagne-arachidiere"],"jetpack_featured_media_url":"","jetpack_sharing_enabled":true,"_links":{"self":[{"href":"https:\/\/rp221.com\/index.php?rest_route=\/wp\/v2\/posts\/12249","targetHints":{"allow":["GET"]}}],"collection":[{"href":"https:\/\/rp221.com\/index.php?rest_route=\/wp\/v2\/posts"}],"about":[{"href":"https:\/\/rp221.com\/index.php?rest_route=\/wp\/v2\/types\/post"}],"author":[{"embeddable":true,"href":"https:\/\/rp221.com\/index.php?rest_route=\/wp\/v2\/users\/8"}],"replies":[{"embeddable":true,"href":"https:\/\/rp221.com\/index.php?rest_route=%2Fwp%2Fv2%2Fcomments&post=12249"}],"version-history":[{"count":0,"href":"https:\/\/rp221.com\/index.php?rest_route=\/wp\/v2\/posts\/12249\/revisions"}],"wp:attachment":[{"href":"https:\/\/rp221.com\/index.php?rest_route=%2Fwp%2Fv2%2Fmedia&parent=12249"}],"wp:term":[{"taxonomy":"category","embeddable":true,"href":"https:\/\/rp221.com\/index.php?rest_route=%2Fwp%2Fv2%2Fcategories&post=12249"},{"taxonomy":"post_tag","embeddable":true,"href":"https:\/\/rp221.com\/index.php?rest_route=%2Fwp%2Fv2%2Ftags&post=12249"}],"curies":[{"name":"wp","href":"https:\/\/api.w.org\/{rel}","templated":true}]}}