{"id":12247,"date":"2023-01-10T23:04:02","date_gmt":"2023-01-10T23:04:02","guid":{"rendered":"https:\/\/rp221.com\/?p=12247"},"modified":"2023-01-10T23:12:45","modified_gmt":"2023-01-10T23:12:45","slug":"abdoulaye-diop-29-ans-apres-sa-creation-luemoa-a-accompli-des-pas-de-geant","status":"publish","type":"post","link":"https:\/\/rp221.com\/?p=12247","title":{"rendered":"Abdoulaye Diop : \u00ab\u00a029 ans apr\u00e8s sa cr\u00e9ation, l\u2019UEMOA a accompli des pas de g\u00e9ant\u00a0\u00bb"},"content":{"rendered":"\n<h3 class=\"red\"><strong><em>Abdoulaye Diop : \u00ab\u00a029 ans apr\u00e8s sa cr\u00e9ation, l\u2019UEMOA a accompli des pas de g\u00e9ant\u00a0\u00bb<\/em><\/strong><\/h3>\n<strong>Ce 10 janvier 2023 marque le 29 \u00e8me anniversaire de la cr\u00e9ation de l\u2019l\u2019Union Economique et Mone\u0301taire Ouest Africaine (UEMOA). A cette occasion, le pr\u00e9sident de la Commission de l\u2019Union, \u00a0Abdoulaye Diop, ancien ministre du Budget du S\u00e9n\u00e9gal, revient sur le chemin parcouru et brosse les perspectives dans un message \u00e0 <\/strong><strong><em>lire ci-dessous en int\u00e9gralit\u00e9.\u00a0<\/em><\/strong>\nLe 10 janvier 1994, au bord de l\u2019oce\u0301an Atlantique a\u0300 Dakar au Se\u0301ne\u0301gal, les dirigeants d\u2019alors de 7 Etats de l\u2019Afrique de l\u2019Ouest, Be\u0301nin, Burkina Faso, Co\u0302te d\u2019Ivoire, Mali, Niger, Se\u0301ne\u0301gal et Togo, se re\u0301unissaient pour prendre une de\u0301cision historique et majeure pour l\u2019inte\u0301gration re\u0301gionale : la cre\u0301ation de l\u2019Union Economique et Mone\u0301taire Ouest Africaine (UEMOA). Par cet acte, les Chefs d\u2019Etat et de Gouvernement de notre espace ajoutaient a\u0300 l\u2019Union mone\u0301taire, ne\u0301e 32 ans plus to\u0302t, une dimension plus e\u0301conomique. Ils seront rejoints officiellement dans notre Union le 2 mai 1997 par la Guine\u0301e-Bissau.\u00a0Ils s\u2019engageaient ainsi a\u0300 \u0153uvrer collectivement pour, notamment, renforcer la compe\u0301titivite\u0301 des e\u0301conomies des Etats membres et cre\u0301er en leur sein, un marche\u0301 commun base\u0301 sur la libre circulation des personnes,\ndes biens, des services, des capitaux et le droit d\u2019e\u0301tablissement.\nVingt-neuf ans apre\u0300s sa cre\u0301ation, notre Union a accompli des pas de ge\u0301ants. En te\u0301moignent les progre\u0300s en matie\u0300re de convergence macroe\u0301conomique, d\u2019harmonisation des le\u0301gislations et des politiques dans les secteurs e\u0301conomiques et sociaux.\u00a0Ces avance\u0301es, nous les devons a\u0300 nos plus Hautes Autorite\u0301s qui, a\u0300 travers leur instance que constitue la Confe\u0301rence des Chefs d\u2019Etat et de Gouvernement, ne cessent d\u2019impulser et d\u2019orienter nos actions en faveur de la construction d\u2019un espace communautaire viable, dynamique et solidaire. Nous les devons aussi a\u0300 votre attachement profond, che\u0300res concitoyennes et chers concitoyens, a\u0300 l\u2019ide\u0301al d\u2019inte\u0301gration, qui transcende nos spe\u0301cificite\u0301s pour incarner la solidarite\u0301 et la comple\u0301mentarite\u0301 des Etats et des peuples de l\u2019Union. A ce propos, nous saluons les efforts de tous les acteurs de la vie sociale, ainsi que l\u2019appui constant de nos partenaires exte\u0301rieurs, convaincus par notre ide\u0301al d\u2019inte\u0301gration.\nLe chemin a\u0300 parcourir est long, dans un monde en perpe\u0301tuelle mutation, avec, he\u0301las, de plus en plus, des crises profondes qui n\u2019e\u0301pargnent pas notre espace communautaire. Parmi elles, la crise se\u0301curitaire qui constitue une source de pre\u0301occupation pour tous nos Gouvernements et qui force\u0301ment, impacte de fac\u0327on ne\u0301gative la marche de notre Union, avec son lot de victimes.\nJe reste convaincu que notre engagement commun, incarne\u0301 au plus haut niveau par nos Chefs d\u2019Etat, nous conduira vers l\u2019UEMOA des peuples, telle que voulue par les pe\u0300res fondateurs il y a 29 ans\u2026<strong>Abdoulaye Diop,pr\u00e9sident de la Commission de l\u2019UEMOA.<\/strong> <strong><a href=\"https:\/\/www.financialafrik.com\" data-saferedirecturl=\"https:\/\/www.google.com\/url?hl=fr&amp;q=https:\/\/www.financialafrik.com&amp;source=gmail&amp;ust=1673466403604000&amp;usg=AOvVaw1wIe79Q2crRw7tQFbysTDI\">https:\/\/www.financialafrik.com<\/a> <\/strong>\n","protected":false},"excerpt":{"rendered":"<p>Abdoulaye Diop : \u00ab\u00a029 ans apr\u00e8s sa cr\u00e9ation, l\u2019UEMOA a accompli des pas de g\u00e9ant\u00a0\u00bb Ce 10 janvier 2023 marque le 29 \u00e8me anniversaire de la cr\u00e9ation de l\u2019l\u2019Union Economique et Mone\u0301taire Ouest Africaine (UEMOA). A cette occasion, le pr\u00e9sident de la Commission de l\u2019Union, \u00a0Abdoulaye Diop, ancien ministre du Budget du S\u00e9n\u00e9gal, revient sur [&hellip;]<\/p>\n","protected":false},"author":8,"featured_media":0,"comment_status":"open","ping_status":"open","sticky":false,"template":"","format":"standard","meta":{"_jetpack_newsletter_access":"","_jetpack_dont_email_post_to_subs":false,"_jetpack_newsletter_tier_id":0,"_jetpack_memberships_contains_paywalled_content":false,"_jetpack_memberships_contains_paid_content":false,"footnotes":""},"categories":[42],"tags":[889,367],"class_list":["post-12247","post","type-post","status-publish","format-standard","hentry","category-economie","tag-abdoulaye-diop","tag-uemoa"],"jetpack_featured_media_url":"","jetpack_sharing_enabled":true,"_links":{"self":[{"href":"https:\/\/rp221.com\/index.php?rest_route=\/wp\/v2\/posts\/12247","targetHints":{"allow":["GET"]}}],"collection":[{"href":"https:\/\/rp221.com\/index.php?rest_route=\/wp\/v2\/posts"}],"about":[{"href":"https:\/\/rp221.com\/index.php?rest_route=\/wp\/v2\/types\/post"}],"author":[{"embeddable":true,"href":"https:\/\/rp221.com\/index.php?rest_route=\/wp\/v2\/users\/8"}],"replies":[{"embeddable":true,"href":"https:\/\/rp221.com\/index.php?rest_route=%2Fwp%2Fv2%2Fcomments&post=12247"}],"version-history":[{"count":0,"href":"https:\/\/rp221.com\/index.php?rest_route=\/wp\/v2\/posts\/12247\/revisions"}],"wp:attachment":[{"href":"https:\/\/rp221.com\/index.php?rest_route=%2Fwp%2Fv2%2Fmedia&parent=12247"}],"wp:term":[{"taxonomy":"category","embeddable":true,"href":"https:\/\/rp221.com\/index.php?rest_route=%2Fwp%2Fv2%2Fcategories&post=12247"},{"taxonomy":"post_tag","embeddable":true,"href":"https:\/\/rp221.com\/index.php?rest_route=%2Fwp%2Fv2%2Ftags&post=12247"}],"curies":[{"name":"wp","href":"https:\/\/api.w.org\/{rel}","templated":true}]}}