{"id":12246,"date":"2023-01-10T23:00:30","date_gmt":"2023-01-10T23:00:30","guid":{"rendered":"https:\/\/rp221.com\/?p=12246"},"modified":"2023-01-10T23:12:43","modified_gmt":"2023-01-10T23:12:43","slug":"lombre-du-fmi-selon-leconomiste-demba-moussa-dembele","status":"publish","type":"post","link":"https:\/\/rp221.com\/?p=12246","title":{"rendered":"\u00abL\u2019OMBRE DU FMI!\u00bb, SELON L\u2019ECONOMISTE DEMBA MOUSSA DEMBELE"},"content":{"rendered":"\n<h3 class=\"red\"><strong><em>\u00abL\u2019OMBRE DU FMI!\u00bb, SELON L\u2019ECONOMISTE DEMBA MOUSSA DEMBELE<\/em><\/strong><\/h3>\n<a href=\"https:\/\/www.sudquotidien.sn\" data-saferedirecturl=\"https:\/\/www.google.com\/url?hl=fr&amp;q=https:\/\/www.sudquotidien.sn&amp;source=gmail&amp;ust=1673466403604000&amp;usg=AOvVaw35jRkjet2u39Cx2tvR7EmS\">https:\/\/www.sudquotidien.sn<\/a> Derri\u00e8re la hausse des prix de l\u2019\u00e9lectricit\u00e9 et du carburant d\u00e9cid\u00e9e par le gouvernement se profile \u00abl\u2019ombre du Fonds mon\u00e9taire international (Fmi)\u00bb, croit savoir l\u2019\u00e9conomiste Demba Moussa Demb\u00e9l\u00e9\n<strong>R\u00e9agissant aux derni\u00e8res mesures de hausse des prix de l\u2019\u00e9nergie, l\u2019\u00e9conomiste Demba Moussa Demb\u00e9l\u00e9 soutient que \u00ab la d\u00e9cision d\u2019augmenter les prix de l\u2019\u00e9lectricit\u00e9 et du carburant va affecter davantage les couches pauvres que les riches\u00bb. Pis encore, il dit n\u2019\u00eatre pas s\u00fbr que les 258,2 milliards soutir\u00e9s des fortun\u00e9s seront allou\u00e9s aux couches pauvres.<\/strong>\nDerri\u00e8re la hausse des prix de l\u2019\u00e9lectricit\u00e9 et du carburant d\u00e9cid\u00e9e par le gouvernement se profile \u00abl\u2019ombre du Fonds mon\u00e9taire international (Fmi)\u00bb, croit savoir l\u2019\u00e9conomiste Demba Moussa Demb\u00e9l\u00e9.\nEn effet, tient-il \u00e0 relever : \u00ab On se rappelle la mission de cette institution dans notre pays du 29 septembre au 6 octobre 2022, dirig\u00e9e par M. Edward Gemayel, dont le but \u00e9tait de faire le point sur \u00ab les progr\u00e8s dans les r\u00e9formes soutenues par l\u2019Instrument de coordination des politiques \u00e9conomiques, l\u2019Accord de confirmation et la Facilit\u00e9 de cr\u00e9dit de confirmation. \u00bb La mission avait not\u00e9 que malgr\u00e9 \u00ab la bonne performance des recettes, la forte augmentation des subventions \u00e0 l\u2019\u00e9nergie avait r\u00e9duit les marges de man\u0153uvre budg\u00e9taires \u00bb, explique-t-il.\nElle (la mission) pr\u00e9conisait donc des objectifs plus \u00e9lev\u00e9s en mati\u00e8re de mobilisation des recettes et des engagements forts pour supprimer progressivement les subventions \u00e0 l\u2019\u00e9nergie.\nPour atteindre ces objectifs, la mission exhortait le gouvernement du S\u00e9n\u00e9gal \u00ab \u00e0 \u00e9liminer les exon\u00e9rations fiscales on\u00e9reuses, \u00e0 rationaliser les d\u00e9penses non prioritaires et \u00e0 prendre les mesures n\u00e9cessaires pour r\u00e9duire les subventions \u00e0 l\u2019\u00e9nergie, tout en prot\u00e9geant les plus vuln\u00e9rables par des mesures cibl\u00e9es \u00bb.\n<h4 class=\"blue\"><strong><em>TAXER LES \u00abRICHES\u00bb POUR DONNER AUX \u00abPAUVRES\u00bb?<\/em><\/strong><\/h4>\n\u00ab Cela signifie taxer les couches les plus riches pour utiliser une partie des ressources au profit des couches les plus pauvres. C\u2019est une politique pr\u00e9conis\u00e9e par le Fmi qui pense que la plupart des propri\u00e9taires de voitures font partie de la cat\u00e9gorie des \u00ab riches \u00bb qui profitent plus de la subvention g\u00e9n\u00e9ralis\u00e9e des produits \u00e9nerg\u00e9tiques \u00bb, explique-t-il.\nEt de poursuivre en faisant savoir que \u00ab C\u2019est une id\u00e9e tr\u00e8s simpliste qui illustre une fois de plus la m\u00e9connaissance des r\u00e9alit\u00e9s des pays africains par cette institution. Le probl\u00e8me est que la d\u00e9cision d\u2019augmenter les prix de l\u2019\u00e9lectricit\u00e9 et du carburant va affecter davantage les couches pauvres que les \u00ab riches \u00bb.\nEn effet, selon lui, les prix de transport public vont augmenter, tant pour le transport de personnes que celui de marchandises. De m\u00eame que les prix des produits et services dont la production d\u00e9pend de l\u2019\u00e9lectricit\u00e9.\nPar ailleurs, ce n\u2019est pas s\u00fbr que tout l\u2019argent r\u00e9cup\u00e9r\u00e9 par la hausse des prix (258,2 milliards) sera allou\u00e9 aux couches pauvres. Ce qui fait que celles-ci risquent de voir la d\u00e9gradation de leur pouvoir d\u2019achat. Une contradiction avec \u00ab l\u2019ann\u00e9e sociale \u00bb promise par Macky Sall !\n<h4 class=\"blue\"><strong><em>VIABILITE BUDGETAIRE ET CELLE DE LA DETTE PUBLIQUE<\/em><\/strong><\/h4>\nEn r\u00e9alit\u00e9, le vrai objectif de cet ajustement des subventions, selon l\u2019\u00e9conomiste, est la r\u00e9duction des d\u00e9penses publiques dans le but de r\u00e9duire le d\u00e9ficit budg\u00e9taire et le niveau de la dette publique. En effet, dans le communiqu\u00e9 du Fmi, on lit encore qu\u2019 \u00ab Il sera essentiel de poursuivre les efforts de mobilisation des recettes, de rationaliser et de mieux cibler les subventions pour reconstituer les r\u00e9serves budg\u00e9taires \u00e9puis\u00e9es et placer la dette publique sur une trajectoire descendante... Bien que le projet de budget pour 2023 pr\u00e9voie une r\u00e9duction du d\u00e9ficit budg\u00e9taire, les efforts d\u2019assainissement sont insuffisants compte tenu des contraintes fortes de financement et de la vuln\u00e9rabilit\u00e9 croissante de la dette publique.\u00bb\nCes passages indiquent clairement, selon Demb\u00e9l\u00e9, les priorit\u00e9s du Fmi : r\u00e9duire le d\u00e9ficit budg\u00e9taire et le niveau de la dette publique. \u00ab On sait que depuis l\u2019apparition de la pand\u00e9mie en 2020, le S\u00e9n\u00e9gal et les autres pays membres de l\u2019Uemoa ont suspendu les crit\u00e8res de convergence macro\u00e9conomique, comme le ciblage du d\u00e9ficit budg\u00e9taire et le plafonnement de la dette publique. Le Fmi veut que le S\u00e9n\u00e9gal renoue avec ces politiques, ce qui impliquera une forte r\u00e9duction des d\u00e9penses publiques. Cela signifie que d\u2019autres hausses risquent de suivre, car le Fmi va continuer de mettre la pression sur le gouvernement pour faire appliquer toutes ses recommandations \u00bb. Surtout que ramener le d\u00e9ficit budg\u00e9taire de son niveau de 6,2% en 2022 \u00e0 la norme Uemoa de 2-3% du produit int\u00e9rieur brut (Pib) exigera d\u2019importants efforts de r\u00e9duction des d\u00e9penses publiques. D\u2019ailleurs, dans son message du 31 d\u00e9cembre, tient-il \u00e0 rappeler, le pr\u00e9sident de la R\u00e9publique avait d\u00e9j\u00e0 annonc\u00e9 son acceptation de cette recommandation en ces termes : \u00ab les mesures de subventions concernant le carburant et l\u2019\u00e9lectricit\u00e9 seront cependant ajust\u00e9es et mieux cibl\u00e9es en faveur des couches sociales les plus n\u00e9cessiteuses. \u00bb Jean Pierre MALOU\n","protected":false},"excerpt":{"rendered":"<p>\u00abL\u2019OMBRE DU FMI!\u00bb, SELON L\u2019ECONOMISTE DEMBA MOUSSA DEMBELE https:\/\/www.sudquotidien.sn Derri\u00e8re la hausse des prix de l\u2019\u00e9lectricit\u00e9 et du carburant d\u00e9cid\u00e9e par le gouvernement se profile \u00abl\u2019ombre du Fonds mon\u00e9taire international (Fmi)\u00bb, croit savoir l\u2019\u00e9conomiste Demba Moussa Demb\u00e9l\u00e9 R\u00e9agissant aux derni\u00e8res mesures de hausse des prix de l\u2019\u00e9nergie, l\u2019\u00e9conomiste Demba Moussa Demb\u00e9l\u00e9 soutient que \u00ab la [&hellip;]<\/p>\n","protected":false},"author":8,"featured_media":0,"comment_status":"open","ping_status":"open","sticky":false,"template":"","format":"standard","meta":{"_jetpack_newsletter_access":"","_jetpack_dont_email_post_to_subs":false,"_jetpack_newsletter_tier_id":0,"_jetpack_memberships_contains_paywalled_content":false,"_jetpack_memberships_contains_paid_content":false,"footnotes":""},"categories":[42],"tags":[1141,595],"class_list":["post-12246","post","type-post","status-publish","format-standard","hentry","category-economie","tag-demba-moussa-dembele","tag-fmi"],"jetpack_featured_media_url":"","jetpack_sharing_enabled":true,"_links":{"self":[{"href":"https:\/\/rp221.com\/index.php?rest_route=\/wp\/v2\/posts\/12246","targetHints":{"allow":["GET"]}}],"collection":[{"href":"https:\/\/rp221.com\/index.php?rest_route=\/wp\/v2\/posts"}],"about":[{"href":"https:\/\/rp221.com\/index.php?rest_route=\/wp\/v2\/types\/post"}],"author":[{"embeddable":true,"href":"https:\/\/rp221.com\/index.php?rest_route=\/wp\/v2\/users\/8"}],"replies":[{"embeddable":true,"href":"https:\/\/rp221.com\/index.php?rest_route=%2Fwp%2Fv2%2Fcomments&post=12246"}],"version-history":[{"count":0,"href":"https:\/\/rp221.com\/index.php?rest_route=\/wp\/v2\/posts\/12246\/revisions"}],"wp:attachment":[{"href":"https:\/\/rp221.com\/index.php?rest_route=%2Fwp%2Fv2%2Fmedia&parent=12246"}],"wp:term":[{"taxonomy":"category","embeddable":true,"href":"https:\/\/rp221.com\/index.php?rest_route=%2Fwp%2Fv2%2Fcategories&post=12246"},{"taxonomy":"post_tag","embeddable":true,"href":"https:\/\/rp221.com\/index.php?rest_route=%2Fwp%2Fv2%2Ftags&post=12246"}],"curies":[{"name":"wp","href":"https:\/\/api.w.org\/{rel}","templated":true}]}}