{"id":12180,"date":"2023-01-10T22:27:05","date_gmt":"2023-01-10T22:27:05","guid":{"rendered":"https:\/\/rp221.com\/?p=12180"},"modified":"2023-01-10T22:38:48","modified_gmt":"2023-01-10T22:38:48","slug":"accident-mortel-a-kaffrine-lais-invite-les-usagers-de-la-route-a-plus-de-prudence","status":"publish","type":"post","link":"https:\/\/rp221.com\/?p=12180","title":{"rendered":"Accident mortel \u00e0 Kaffrine : L\u2019AIS invite les usagers de la route \u00e0 plus de prudence"},"content":{"rendered":"\n<h3 class=\"red\"><strong><em>Accident mortel \u00e0 Kaffrine : L\u2019AIS invite les usagers de la route \u00e0 plus de prudence<\/em><\/strong><\/h3>\n<a href=\"https:\/\/www.dakaractu.com\" data-saferedirecturl=\"https:\/\/www.google.com\/url?hl=fr&amp;q=https:\/\/www.dakaractu.com&amp;source=gmail&amp;ust=1673466403605000&amp;usg=AOvVaw0gOCFusJmh3I9Vnd1E7C4s\">https:\/\/www.dakaractu.com<\/a> Suite au terrible accident de ce dimanche qui a co\u00fbt\u00e9 la vie \u00e0 39 personnes, l'Association pour Servir le Soufisme (AIS) pr\u00e9sente ses condol\u00e9ances \u00e0 toute la Nation s\u00e9n\u00e9galaise, aux familles des disparus et prie pour le repos de leurs \u00e2mes.\nPar ailleurs, l'AIS demande aux usagers de la route d'\u00eatre plus prudents et aux Autorit\u00e9s \u00e9tatiques de prendre les mesures idoines afin d'assurer la s\u00e9curit\u00e9 des personnes.\nL'AIS demande \u00e0 tous ses membres, partout au S\u00e9n\u00e9gal, de faire des r\u00e9citals de Coran en la m\u00e9moire des disparus et pour une paix durable au S\u00e9n\u00e9gal, conform\u00e9ment aux recommandations des Khalifes g\u00e9n\u00e9raux.\n","protected":false},"excerpt":{"rendered":"<p>Accident mortel \u00e0 Kaffrine : L\u2019AIS invite les usagers de la route \u00e0 plus de prudence https:\/\/www.dakaractu.com Suite au terrible accident de ce dimanche qui a co\u00fbt\u00e9 la vie \u00e0 39 personnes, l&rsquo;Association pour Servir le Soufisme (AIS) pr\u00e9sente ses condol\u00e9ances \u00e0 toute la Nation s\u00e9n\u00e9galaise, aux familles des disparus et prie pour le repos [&hellip;]<\/p>\n","protected":false},"author":8,"featured_media":0,"comment_status":"open","ping_status":"open","sticky":false,"template":"","format":"standard","meta":{"_jetpack_newsletter_access":"","_jetpack_dont_email_post_to_subs":false,"_jetpack_newsletter_tier_id":0,"_jetpack_memberships_contains_paywalled_content":false,"_jetpack_memberships_contains_paid_content":false,"footnotes":""},"categories":[43],"tags":[228,1124],"class_list":["post-12180","post","type-post","status-publish","format-standard","hentry","category-social","tag-accident","tag-drame-de-sikilo"],"jetpack_featured_media_url":"","jetpack_sharing_enabled":true,"_links":{"self":[{"href":"https:\/\/rp221.com\/index.php?rest_route=\/wp\/v2\/posts\/12180","targetHints":{"allow":["GET"]}}],"collection":[{"href":"https:\/\/rp221.com\/index.php?rest_route=\/wp\/v2\/posts"}],"about":[{"href":"https:\/\/rp221.com\/index.php?rest_route=\/wp\/v2\/types\/post"}],"author":[{"embeddable":true,"href":"https:\/\/rp221.com\/index.php?rest_route=\/wp\/v2\/users\/8"}],"replies":[{"embeddable":true,"href":"https:\/\/rp221.com\/index.php?rest_route=%2Fwp%2Fv2%2Fcomments&post=12180"}],"version-history":[{"count":0,"href":"https:\/\/rp221.com\/index.php?rest_route=\/wp\/v2\/posts\/12180\/revisions"}],"wp:attachment":[{"href":"https:\/\/rp221.com\/index.php?rest_route=%2Fwp%2Fv2%2Fmedia&parent=12180"}],"wp:term":[{"taxonomy":"category","embeddable":true,"href":"https:\/\/rp221.com\/index.php?rest_route=%2Fwp%2Fv2%2Fcategories&post=12180"},{"taxonomy":"post_tag","embeddable":true,"href":"https:\/\/rp221.com\/index.php?rest_route=%2Fwp%2Fv2%2Ftags&post=12180"}],"curies":[{"name":"wp","href":"https:\/\/api.w.org\/{rel}","templated":true}]}}