{"id":12142,"date":"2023-01-10T21:09:41","date_gmt":"2023-01-10T21:09:41","guid":{"rendered":"https:\/\/rp221.com\/?p=12142"},"modified":"2023-01-10T21:44:40","modified_gmt":"2023-01-10T21:44:40","slug":"and-gueusseum-reporte-sa-greve-de-72h-dune-semaine","status":"publish","type":"post","link":"https:\/\/rp221.com\/?p=12142","title":{"rendered":"And Gueusseum reporte sa gr\u00e8ve de 72h d\u2019une semaine"},"content":{"rendered":"\n<h3 class=\"red\"><strong><em>And Gueusseum reporte sa gr\u00e8ve de 72h d\u2019une semaine<\/em><\/strong><\/h3>\n<a href=\"https:\/\/www.pressafrik.com\" data-saferedirecturl=\"https:\/\/www.google.com\/url?hl=fr&amp;q=https:\/\/www.pressafrik.com&amp;source=gmail&amp;ust=1673466403606000&amp;usg=AOvVaw2Y0PYLvS_I8aSSvZvD0eg8\">https:\/\/www.pressafrik.com<\/a> La m\u00e9ga coalition And Gueusseum s\u2019incline devant la m\u00e9moire des 39 voyageurs d\u00e9c\u00e9d\u00e9s dans la collision de deux bus \u00e0 Sikilo (R\u00e9gion de Kaffrine) et par respect au deuil national de trois jours, reporte sa gr\u00e8ve de 72h des 10, 11 et 12 janviers 2023 d\u2019une semaine au mardi 17, mercredi 18 et jeudi 19 janvier 2023, informe un communiqu\u00e9.\nElle invite le personnel toutes cat\u00e9gories socioprofessionnelles confondues \u00e0 se mettre au chevet de la centaine de bless\u00e9s admis \u00e0 l\u2019h\u00f4pital r\u00e9gional de Kaffrine et dans les autres structures de sant\u00e9 concern\u00e9es en vue de leur porter la plus grande assistance.\nLa m\u00e9ga coalition pr\u00e9sente ses condol\u00e9ances les plus \u00e9mues aux familles \u00e9plor\u00e9es et \u00e0 la nation toute enti\u00e8re en deuil. Mballo Dia Thiam et Cie en profite pour solliciter des populations en g\u00e9n\u00e9ral et des travailleurs de la sant\u00e9 et de l\u2019Action sociale un don de leur sang pour venir en aide aux victimes de cette trag\u00e9die.\nElle r\u00e9it\u00e8re son appel pour davantage de recrutement de personnel et \u00e0 la signature du d\u00e9cret d\u2019application de la loi portant transfusion sanguine pour une meilleure prise en charge des victimes d\u2019accidents et demande \u00e0 Mme le Ministre de la Sant\u00e9 et de l\u2019Action sociale la signature des Arr\u00eat\u00e9s portant respectivement application du Plan national de d\u00e9veloppement des ressources humaines (PNDRH), du Guide de mobilit\u00e9 de l\u2019agent et du Guide de l\u2019agent de sant\u00e9 et de l\u2019Action sociale pour une meilleure gouvernance des ressources humaines.\n","protected":false},"excerpt":{"rendered":"<p>And Gueusseum reporte sa gr\u00e8ve de 72h d\u2019une semaine https:\/\/www.pressafrik.com La m\u00e9ga coalition And Gueusseum s\u2019incline devant la m\u00e9moire des 39 voyageurs d\u00e9c\u00e9d\u00e9s dans la collision de deux bus \u00e0 Sikilo (R\u00e9gion de Kaffrine) et par respect au deuil national de trois jours, reporte sa gr\u00e8ve de 72h des 10, 11 et 12 janviers 2023 [&hellip;]<\/p>\n","protected":false},"author":8,"featured_media":0,"comment_status":"open","ping_status":"open","sticky":false,"template":"","format":"standard","meta":{"_jetpack_newsletter_access":"","_jetpack_dont_email_post_to_subs":false,"_jetpack_newsletter_tier_id":0,"_jetpack_memberships_contains_paywalled_content":false,"_jetpack_memberships_contains_paid_content":false,"footnotes":""},"categories":[43],"tags":[259,483],"class_list":["post-12142","post","type-post","status-publish","format-standard","hentry","category-social","tag-and-gueusseum","tag-sante"],"jetpack_featured_media_url":"","jetpack_sharing_enabled":true,"_links":{"self":[{"href":"https:\/\/rp221.com\/index.php?rest_route=\/wp\/v2\/posts\/12142","targetHints":{"allow":["GET"]}}],"collection":[{"href":"https:\/\/rp221.com\/index.php?rest_route=\/wp\/v2\/posts"}],"about":[{"href":"https:\/\/rp221.com\/index.php?rest_route=\/wp\/v2\/types\/post"}],"author":[{"embeddable":true,"href":"https:\/\/rp221.com\/index.php?rest_route=\/wp\/v2\/users\/8"}],"replies":[{"embeddable":true,"href":"https:\/\/rp221.com\/index.php?rest_route=%2Fwp%2Fv2%2Fcomments&post=12142"}],"version-history":[{"count":0,"href":"https:\/\/rp221.com\/index.php?rest_route=\/wp\/v2\/posts\/12142\/revisions"}],"wp:attachment":[{"href":"https:\/\/rp221.com\/index.php?rest_route=%2Fwp%2Fv2%2Fmedia&parent=12142"}],"wp:term":[{"taxonomy":"category","embeddable":true,"href":"https:\/\/rp221.com\/index.php?rest_route=%2Fwp%2Fv2%2Fcategories&post=12142"},{"taxonomy":"post_tag","embeddable":true,"href":"https:\/\/rp221.com\/index.php?rest_route=%2Fwp%2Fv2%2Ftags&post=12142"}],"curies":[{"name":"wp","href":"https:\/\/api.w.org\/{rel}","templated":true}]}}