{"id":11903,"date":"2023-01-06T22:04:21","date_gmt":"2023-01-06T22:04:21","guid":{"rendered":"https:\/\/rp221.com\/?p=11903"},"modified":"2023-01-06T22:08:41","modified_gmt":"2023-01-06T22:08:41","slug":"300-nouveaux-taxis-de-proximite-pour-ameliorer-la-mobilite-urbaine-a-dakar","status":"publish","type":"post","link":"https:\/\/rp221.com\/?p=11903","title":{"rendered":"300 nouveaux taxis de proximit\u00e9 pour am\u00e9liorer la mobilit\u00e9 urbaine \u00e0 Dakar"},"content":{"rendered":"\n<h3 class=\"red\"><strong><em>300 nouveaux taxis de proximit\u00e9 pour am\u00e9liorer la mobilit\u00e9 urbaine \u00e0 Dakar<\/em><\/strong><\/h3>\nDakar, 6 jan (APS)- Le ministre des Infrastructures, des Transports terrestres et du D\u00e9senclavement, Mansour Faye, a remis, jeudi, \u00e0 des transporteurs dakarois les cl\u00e9s de 300 taxis de proximit\u00e9, lan\u00e7ant ainsi la troisi\u00e8me phase du renouvellement du parc automobile urbain et interurbain.\n<h4 class=\"blue\"><strong><em>\u2018\u2019Cette initiative d\u00e9coule de la volont\u00e9 de l\u2019Etat, \u00e0 travers le Plan S\u00e9n\u00e9gal \u00e9mergent, de renouveler le parc automobile au niveau urbain et interurbain\u2019', \u00a0a-t-il expliqu\u00e9 en marge de cette c\u00e9r\u00e9monie organis\u00e9e par le conseil ex\u00e9cutif des transports urbains de Dakar (CETUD).<\/em><\/strong><\/h4>\nSelon le ministre, cette initiative s\u2019inscrit \u2018\u2019dans le cadre de la modernisation des services de transport terrestre que l\u2019Etat \u00a0du S\u00e9n\u00e9gal a entrepris depuis 2005\u2019\u2019.\nIl estime que \u2018\u2019ce projet va encourager la mutation ou la transformation du transport ill\u00e9gal ou irr\u00e9gulier vers le transport l\u00e9gal et r\u00e9gulier\u2019\u2019.\nCette troisi\u00e8me phase porte sur 300 v\u00e9hicules de 8 places, pour un co\u00fbt d\u2019acquisition unitaire de 8 millions\u00a0480 mille FCFA.\n\u2018\u2019Je souhaite vivement\u00a0que cette initiative se poursuive. Il est important que les priv\u00e9es se mettent dans cette dynamique pour accompagner l\u2019Etat du S\u00e9n\u00e9gal dans la modernisation du transport terrestre\u2019\u2019, a-indiqu\u00e9 le ministre.\nIl a promis que \u2018\u2019l\u2019Etat du S\u00e9n\u00e9gal mettra en place les moyens et les m\u00e9canismes n\u00e9cessaires comme le fait CETUD dans le transport urbain\u2019\u2019. Mais, il estime que \u2018\u2019c\u2019est l\u2019initiative priv\u00e9e qui nous permettra de faire ce grand bond en avant\u2019\u2019.\nLe ministre a soulign\u00e9 que \u2018\u2019c\u2019est pour cela\u2019\u2019 qu\u2019\u2019\u2019 il faut\u00a0accompagner ce genre d'initiative et leur accorder une discrimination positive\u2019\u2019.\nMansour Faye a assur\u00e9 qu\u2019\u2019\u2019avec ces nouveaux v\u00e9hicules,\u00a0la s\u00e9curit\u00e9 des usagers est garantie, mais aussi \u00a0le transport s\u2019effectuera \u00a0de mani\u00e8re r\u00e9guli\u00e8re\u2019\u2019.\nKhadija Ndiaye, la Secr\u00e9taire g\u00e9n\u00e9ral\u00a0du GIE du projet \u2018\u2019d\u00e9senclavement- mobilit\u00e9 et facilit\u00e9 \u00e0 Yoff\u2019\u2019 a re\u00e7u un lot de 6 taxis sur 25 attendus et se dit satisfaite de cette initiative qui pourra am\u00e9liorer le transport urbain \u00e0 Yoff.\n<h4 class=\"blue\"><strong><em>\u2018\u2019L\u2019objectif de ce projet est d\u2019am\u00e9liorer le transport de proximit\u00e9. Connaissant Yoff qui est un peu enclav\u00e9, ce moyen de transport qui respecte les principes de l\u2019environnement va faciliter le d\u00e9placement de populations\u2019, s'est-elle r\u00e9jouie<\/em><\/strong><\/h4>.\nSelon un document remis \u00e0 la presse, l\u2019objectif de cette troisi\u00e8me phase est d\u2019am\u00e9liorer les conditions de d\u00e9placement des populations par la mise en place d\u2019un \u00a0syst\u00e8me\u00a0de transport par taxis collectifs et de \u00a0compl\u00e9ter le maillage du r\u00e9seau de transport en commun dans les zones suburbaines de la banlieue dakaroise.\nCe projet vise, en outre, \u00e0 \u00e9radiquer les taxis clandestins et \u00a0les v\u00e9hicules de transport v\u00e9tustes, \u00e0 Dakar, et dans les r\u00e9gions. Son objectif est aussi de r\u00e9duire l\u2019ins\u00e9curit\u00e9 routi\u00e8re, diminuer la pollution environnementale li\u00e9e au transport routier mais \u00e9galement d\u00e9finir un r\u00e9seau de transport moderne comprenant des lignes dans la banlieue et compl\u00e9mentaireq aux r\u00e9seaux d\u00e9j\u00e0 existants.ABD\/ASG\/OID\n","protected":false},"excerpt":{"rendered":"<p>300 nouveaux taxis de proximit\u00e9 pour am\u00e9liorer la mobilit\u00e9 urbaine \u00e0 Dakar Dakar, 6 jan (APS)- Le ministre des Infrastructures, des Transports terrestres et du D\u00e9senclavement, Mansour Faye, a remis, jeudi, \u00e0 des transporteurs dakarois les cl\u00e9s de 300 taxis de proximit\u00e9, lan\u00e7ant ainsi la troisi\u00e8me phase du renouvellement du parc automobile urbain et interurbain. [&hellip;]<\/p>\n","protected":false},"author":8,"featured_media":0,"comment_status":"open","ping_status":"open","sticky":false,"template":"","format":"standard","meta":{"_jetpack_newsletter_access":"","_jetpack_dont_email_post_to_subs":false,"_jetpack_newsletter_tier_id":0,"_jetpack_memberships_contains_paywalled_content":false,"_jetpack_memberships_contains_paid_content":false,"footnotes":""},"categories":[42],"tags":[],"class_list":["post-11903","post","type-post","status-publish","format-standard","hentry","category-economie"],"jetpack_featured_media_url":"","jetpack_sharing_enabled":true,"_links":{"self":[{"href":"https:\/\/rp221.com\/index.php?rest_route=\/wp\/v2\/posts\/11903","targetHints":{"allow":["GET"]}}],"collection":[{"href":"https:\/\/rp221.com\/index.php?rest_route=\/wp\/v2\/posts"}],"about":[{"href":"https:\/\/rp221.com\/index.php?rest_route=\/wp\/v2\/types\/post"}],"author":[{"embeddable":true,"href":"https:\/\/rp221.com\/index.php?rest_route=\/wp\/v2\/users\/8"}],"replies":[{"embeddable":true,"href":"https:\/\/rp221.com\/index.php?rest_route=%2Fwp%2Fv2%2Fcomments&post=11903"}],"version-history":[{"count":0,"href":"https:\/\/rp221.com\/index.php?rest_route=\/wp\/v2\/posts\/11903\/revisions"}],"wp:attachment":[{"href":"https:\/\/rp221.com\/index.php?rest_route=%2Fwp%2Fv2%2Fmedia&parent=11903"}],"wp:term":[{"taxonomy":"category","embeddable":true,"href":"https:\/\/rp221.com\/index.php?rest_route=%2Fwp%2Fv2%2Fcategories&post=11903"},{"taxonomy":"post_tag","embeddable":true,"href":"https:\/\/rp221.com\/index.php?rest_route=%2Fwp%2Fv2%2Ftags&post=11903"}],"curies":[{"name":"wp","href":"https:\/\/api.w.org\/{rel}","templated":true}]}}