{"id":11902,"date":"2023-01-06T21:58:14","date_gmt":"2023-01-06T21:58:14","guid":{"rendered":"https:\/\/rp221.com\/?p=11902"},"modified":"2023-01-06T22:08:41","modified_gmt":"2023-01-06T22:08:41","slug":"repli-de-lactivite-du-secteur-tertiaire-au-mois-doctobre","status":"publish","type":"post","link":"https:\/\/rp221.com\/?p=11902","title":{"rendered":"Repli de l\u2019activit\u00e9 du secteur tertiaire au mois d\u2019octobre"},"content":{"rendered":"\n<h3 class=\"red\"><strong><em>Repli de l\u2019activit\u00e9 du secteur tertiaire au mois d\u2019octobre<\/em><\/strong><\/h3>\n<a href=\"https:\/\/www.lejecos.com\/Au\" data-saferedirecturl=\"https:\/\/www.google.com\/url?hl=fr&amp;q=https:\/\/www.lejecos.com\/Au&amp;source=gmail&amp;ust=1673120883311000&amp;usg=AOvVaw2dTSF1T-hvpAyEfe0b5Rgs\">https:\/\/www.lejecos.com\/Au<\/a> mois d\u2019octobre 2022, le secteur tertiaire s\u00e9n\u00e9galais est caract\u00e9ris\u00e9 par un fl\u00e9chissement de l\u2019activit\u00e9 commerciale (-8,2%) et une contreperformance du sous-secteur des services (-0,2%) en rythme mensuel. L\u2019information est de l\u2019Agence nationale de la statistique et de la d\u00e9mographie (Ansd).\nLe recul du Chiffre d\u2019affaires (Ca) des services est induit principalement par la baisse de celui des \u00abActivit\u00e9s financi\u00e8res et d\u2019assurance\u00bb (-16,3%) et de l\u2019\u00abH\u00e9bergement et Restauration\u00bb (-2,3%), mais att\u00e9nu\u00e9 par la hausse des \u00abActivit\u00e9s immobili\u00e8res \u00bb (+103,2%), du \u00abTransport\u00bb (+5,5%) ainsi que de l\u2019\u00abInformation et Communication\u00bb (+4,5%).\nS\u2019agissant du sous-service du commerce, la contraction du Ca est imputable \u00e0 la r\u00e9gression de celui du \u00abCommerce de gros\u00bb (-16,5%), du \u00abCommerce et r\u00e9paration d\u2019automobile et de motocycles\u00bb (-14,3%) et, dans une moindre mesure, du \u00abCommerce de d\u00e9tail\u00bb (-4,2%).<strong>Bassirou MBAYE<\/strong>\n","protected":false},"excerpt":{"rendered":"<p>Repli de l\u2019activit\u00e9 du secteur tertiaire au mois d\u2019octobre https:\/\/www.lejecos.com\/Au mois d\u2019octobre 2022, le secteur tertiaire s\u00e9n\u00e9galais est caract\u00e9ris\u00e9 par un fl\u00e9chissement de l\u2019activit\u00e9 commerciale (-8,2%) et une contreperformance du sous-secteur des services (-0,2%) en rythme mensuel. L\u2019information est de l\u2019Agence nationale de la statistique et de la d\u00e9mographie (Ansd). Le recul du Chiffre d\u2019affaires [&hellip;]<\/p>\n","protected":false},"author":8,"featured_media":0,"comment_status":"open","ping_status":"open","sticky":false,"template":"","format":"standard","meta":{"_jetpack_newsletter_access":"","_jetpack_dont_email_post_to_subs":false,"_jetpack_newsletter_tier_id":0,"_jetpack_memberships_contains_paywalled_content":false,"_jetpack_memberships_contains_paid_content":false,"footnotes":""},"categories":[42],"tags":[230,538],"class_list":["post-11902","post","type-post","status-publish","format-standard","hentry","category-economie","tag-ansd","tag-secteur-tertiaire"],"jetpack_featured_media_url":"","jetpack_sharing_enabled":true,"_links":{"self":[{"href":"https:\/\/rp221.com\/index.php?rest_route=\/wp\/v2\/posts\/11902","targetHints":{"allow":["GET"]}}],"collection":[{"href":"https:\/\/rp221.com\/index.php?rest_route=\/wp\/v2\/posts"}],"about":[{"href":"https:\/\/rp221.com\/index.php?rest_route=\/wp\/v2\/types\/post"}],"author":[{"embeddable":true,"href":"https:\/\/rp221.com\/index.php?rest_route=\/wp\/v2\/users\/8"}],"replies":[{"embeddable":true,"href":"https:\/\/rp221.com\/index.php?rest_route=%2Fwp%2Fv2%2Fcomments&post=11902"}],"version-history":[{"count":0,"href":"https:\/\/rp221.com\/index.php?rest_route=\/wp\/v2\/posts\/11902\/revisions"}],"wp:attachment":[{"href":"https:\/\/rp221.com\/index.php?rest_route=%2Fwp%2Fv2%2Fmedia&parent=11902"}],"wp:term":[{"taxonomy":"category","embeddable":true,"href":"https:\/\/rp221.com\/index.php?rest_route=%2Fwp%2Fv2%2Fcategories&post=11902"},{"taxonomy":"post_tag","embeddable":true,"href":"https:\/\/rp221.com\/index.php?rest_route=%2Fwp%2Fv2%2Ftags&post=11902"}],"curies":[{"name":"wp","href":"https:\/\/api.w.org\/{rel}","templated":true}]}}