{"id":11901,"date":"2023-01-06T20:30:03","date_gmt":"2023-01-06T20:30:03","guid":{"rendered":"https:\/\/rp221.com\/?p=11901"},"modified":"2023-01-06T22:08:37","modified_gmt":"2023-01-06T22:08:37","slug":"agropole-sud-moustapha-diop-salue-les-progres-accomplis-dans-le-domaine-de-la-productivite","status":"publish","type":"post","link":"https:\/\/rp221.com\/?p=11901","title":{"rendered":"Agropole sud : Moustapha Diop salue les progr\u00e8s accomplis dans le domaine de la productivit\u00e9"},"content":{"rendered":"\n<h3 class=\"red\"><strong><em>Agropole sud : Moustapha Diop salue les progr\u00e8s accomplis dans le domaine de la productivit\u00e9<\/em><\/strong><\/h3>\nDakar, 5 jan (APS) - Le ministre du D\u00e9veloppement industriel et des Petites et moyennes industries, Moustapha Diop, a salu\u00e9, jeudi, les progr\u00e8s accomplis dans le cadre de l'am\u00e9lioration de la productivit\u00e9 des fili\u00e8res agricoles du projet agropole sud, un programme phare du Plan S\u00e9n\u00e9gal \u00e9mergent (PSE).\n<h4 class=\"blue\"><strong><em>\"Pour l'agropole sud, nous avons pu noter les progr\u00e8s accomplis dans le cadre de l'am\u00e9lioration de la productivit\u00e9 des fili\u00e8res agricoles et qui se traduisent, au titre de la convention sign\u00e9e avec l'ISRA, par la livraison de 21 200 plants de manguiers ayant b\u00e9n\u00e9fici\u00e9 \u00e0 421 producteurs form\u00e9s\", a-t-il dit.<\/em><\/strong><\/h4>\nLe ministre prenait part \u00e0 un atelier du comit\u00e9 de pilotage des agropoles sur la validation du Plan de travail annuel budg\u00e9tis\u00e9 (PTAB) 2023.\nMoustapha Diop a aussi \u00e9voqu\u00e9, parmi les r\u00e9alisations de l'agropole sud, la mise en place de 500 kg de semences \"pr\u00e9base\" de ma\u00efs \"obatampa\" et la production de 75 tonnes de ma\u00efs de \"base\".\nIl a \u00e9galement signal\u00e9 que des r\u00e9alisations appr\u00e9ciables ont \u00e9t\u00e9 enregistr\u00e9es dans l'accompagnement et la mise \u00e0 niveau technique des PME\/PMI.\nC\u2019est dans ce sens, a-t-il soutenu, que 51 PME-PMI ont b\u00e9n\u00e9fici\u00e9 d'un accompagnement technique \u00e0 travers des conventions sign\u00e9es avec le Bureau de mise \u00e0 niveau (BMN) des entreprises et l'Institut de technologie alimentaire (ITA).\n\"Mais, la plus grande satisfaction nous vient de la fili\u00e8re ma\u00efs, o\u00f9, gr\u00e2ce aux actions du projet, les producteurs de la zone seront en mesure d'emblaver 3 750 hectares de ma\u00efs certifi\u00e9. Au stade actuel de sa mise en \u0153uvre o\u00f9 tous les fondamentaux sont d\u00e9j\u00e0 pos\u00e9s, tout porte \u00e0 croire que l'agropole sud atteindra sa vitesse de croisi\u00e8re en 2023\", a d\u00e9clar\u00e9 le ministre.\nIl a annonc\u00e9 qu'au cours de cette ann\u00e9e, 212 000 plants d'anacardiers et 142 000 plans de manguiers seront livr\u00e9s aux producteurs, sans compter le rajeunissement de 100 000 plants pour faire face \u00e0 la probl\u00e9matique du vieillissement des plantations.\n<h4 class=\"blue\"><strong><em>\"Ainsi, c'est un jalon majeur qui sera pos\u00e9 dans la s\u00e9curisation des mati\u00e8res premi\u00e8res pour l'agropole sud\", a-t-il fait savoir.<\/em><\/strong><\/h4>\nLe repr\u00e9sentant r\u00e9sident de l'Organisation des Nations unies pour le d\u00e9veloppement industriel (ONUDI), Malick Sy, a soulign\u00e9 l'importance de ce projet qui a un caract\u00e8re inclusif, car \u00e9tant \"un des rares projets industriels qui couvre tout le territoire national\".\n\"Cela donne l'occasion de faire participer tout le pays au d\u00e9veloppement industriel et d'exploiter toutes les ressources du territoire national. C'est un aspect important pour le d\u00e9veloppement industriel du S\u00e9n\u00e9gal\", a soutenu M. Sy.\nDes agropoles sont pr\u00e9vus dans plusieurs zones du S\u00e9n\u00e9gal (sud, centre et nord), dans l\u2019objectif de renforcer la valeur ajout\u00e9e des produits agricoles et de r\u00e9duire la d\u00e9pendance du pays aux importations de produits alimentaires \u00e0 travers une industrialisation durable et inclusive.AT\/ASB\/ASG\/BK\n","protected":false},"excerpt":{"rendered":"<p>Agropole sud : Moustapha Diop salue les progr\u00e8s accomplis dans le domaine de la productivit\u00e9 Dakar, 5 jan (APS) &#8211; Le ministre du D\u00e9veloppement industriel et des Petites et moyennes industries, Moustapha Diop, a salu\u00e9, jeudi, les progr\u00e8s accomplis dans le cadre de l&rsquo;am\u00e9lioration de la productivit\u00e9 des fili\u00e8res agricoles du projet agropole sud, un [&hellip;]<\/p>\n","protected":false},"author":8,"featured_media":0,"comment_status":"open","ping_status":"open","sticky":false,"template":"","format":"standard","meta":{"_jetpack_newsletter_access":"","_jetpack_dont_email_post_to_subs":false,"_jetpack_newsletter_tier_id":0,"_jetpack_memberships_contains_paywalled_content":false,"_jetpack_memberships_contains_paid_content":false,"footnotes":""},"categories":[42],"tags":[1115,1060],"class_list":["post-11901","post","type-post","status-publish","format-standard","hentry","category-economie","tag-agropole-sud","tag-moustapha-diop"],"jetpack_featured_media_url":"","jetpack_sharing_enabled":true,"_links":{"self":[{"href":"https:\/\/rp221.com\/index.php?rest_route=\/wp\/v2\/posts\/11901","targetHints":{"allow":["GET"]}}],"collection":[{"href":"https:\/\/rp221.com\/index.php?rest_route=\/wp\/v2\/posts"}],"about":[{"href":"https:\/\/rp221.com\/index.php?rest_route=\/wp\/v2\/types\/post"}],"author":[{"embeddable":true,"href":"https:\/\/rp221.com\/index.php?rest_route=\/wp\/v2\/users\/8"}],"replies":[{"embeddable":true,"href":"https:\/\/rp221.com\/index.php?rest_route=%2Fwp%2Fv2%2Fcomments&post=11901"}],"version-history":[{"count":0,"href":"https:\/\/rp221.com\/index.php?rest_route=\/wp\/v2\/posts\/11901\/revisions"}],"wp:attachment":[{"href":"https:\/\/rp221.com\/index.php?rest_route=%2Fwp%2Fv2%2Fmedia&parent=11901"}],"wp:term":[{"taxonomy":"category","embeddable":true,"href":"https:\/\/rp221.com\/index.php?rest_route=%2Fwp%2Fv2%2Fcategories&post=11901"},{"taxonomy":"post_tag","embeddable":true,"href":"https:\/\/rp221.com\/index.php?rest_route=%2Fwp%2Fv2%2Ftags&post=11901"}],"curies":[{"name":"wp","href":"https:\/\/api.w.org\/{rel}","templated":true}]}}