{"id":11899,"date":"2023-01-06T22:06:39","date_gmt":"2023-01-06T22:06:39","guid":{"rendered":"https:\/\/rp221.com\/?p=11899"},"modified":"2023-01-06T22:08:42","modified_gmt":"2023-01-06T22:08:42","slug":"autoroute-dakar-tivaouane-saint-louis-le-prefet-de-saint-louis-sur-le-trace-a-partir-de-mardi","status":"publish","type":"post","link":"https:\/\/rp221.com\/?p=11899","title":{"rendered":"Autoroute Dakar-Tivaouane-Saint-Louis : le pr\u00e9fet de Saint-Louis sur le trac\u00e9 \u00e0 partir de mardi"},"content":{"rendered":"\n<h3 class=\"red\"><strong><em>Autoroute Dakar-Tivaouane-Saint-Louis : le pr\u00e9fet de Saint-Louis sur le trac\u00e9 \u00e0 partir de mardi<\/em><\/strong><\/h3>\nSaint-Louis, 5 jan (APS) - Le pr\u00e9fet du d\u00e9partement de Saint-Louis (Nord) pr\u00e9voit durant la p\u00e9riode du 10 au 27 janvier des visites sur le trac\u00e9 de l'autoroute \u00e0 p\u00e9age Dakar-Tivaouane-Saint-Louis en vue de traiter les r\u00e9clamations en collaboration avec les Personnes affect\u00e9es par le projet (PAP), annonce un communiqu\u00e9 re\u00e7u \u00e0 l'APS.\nCes personnes (PAP) d\u00e9j\u00e0 recens\u00e9es et non concili\u00e9es peuvent se pr\u00e9senter \u00e0 la pr\u00e9fecture pour les conciliations relatives aux impenses agricole, foresti\u00e8re et immobili\u00e8re durant la m\u00eame p\u00e9riode, renseigne le communiqu\u00e9.AMD\/ADL\/MD\n","protected":false},"excerpt":{"rendered":"<p>Autoroute Dakar-Tivaouane-Saint-Louis : le pr\u00e9fet de Saint-Louis sur le trac\u00e9 \u00e0 partir de mardi Saint-Louis, 5 jan (APS) &#8211; Le pr\u00e9fet du d\u00e9partement de Saint-Louis (Nord) pr\u00e9voit durant la p\u00e9riode du 10 au 27 janvier des visites sur le trac\u00e9 de l&rsquo;autoroute \u00e0 p\u00e9age Dakar-Tivaouane-Saint-Louis en vue de traiter les r\u00e9clamations en collaboration avec les [&hellip;]<\/p>\n","protected":false},"author":8,"featured_media":0,"comment_status":"open","ping_status":"open","sticky":false,"template":"","format":"standard","meta":{"_jetpack_newsletter_access":"","_jetpack_dont_email_post_to_subs":false,"_jetpack_newsletter_tier_id":0,"_jetpack_memberships_contains_paywalled_content":false,"_jetpack_memberships_contains_paid_content":false,"footnotes":""},"categories":[42],"tags":[419],"class_list":["post-11899","post","type-post","status-publish","format-standard","hentry","category-economie","tag-autoroute-dakar-tivaouane-saint-louis"],"jetpack_featured_media_url":"","jetpack_sharing_enabled":true,"_links":{"self":[{"href":"https:\/\/rp221.com\/index.php?rest_route=\/wp\/v2\/posts\/11899","targetHints":{"allow":["GET"]}}],"collection":[{"href":"https:\/\/rp221.com\/index.php?rest_route=\/wp\/v2\/posts"}],"about":[{"href":"https:\/\/rp221.com\/index.php?rest_route=\/wp\/v2\/types\/post"}],"author":[{"embeddable":true,"href":"https:\/\/rp221.com\/index.php?rest_route=\/wp\/v2\/users\/8"}],"replies":[{"embeddable":true,"href":"https:\/\/rp221.com\/index.php?rest_route=%2Fwp%2Fv2%2Fcomments&post=11899"}],"version-history":[{"count":0,"href":"https:\/\/rp221.com\/index.php?rest_route=\/wp\/v2\/posts\/11899\/revisions"}],"wp:attachment":[{"href":"https:\/\/rp221.com\/index.php?rest_route=%2Fwp%2Fv2%2Fmedia&parent=11899"}],"wp:term":[{"taxonomy":"category","embeddable":true,"href":"https:\/\/rp221.com\/index.php?rest_route=%2Fwp%2Fv2%2Fcategories&post=11899"},{"taxonomy":"post_tag","embeddable":true,"href":"https:\/\/rp221.com\/index.php?rest_route=%2Fwp%2Fv2%2Ftags&post=11899"}],"curies":[{"name":"wp","href":"https:\/\/api.w.org\/{rel}","templated":true}]}}