{"id":11897,"date":"2023-01-06T21:12:10","date_gmt":"2023-01-06T21:12:10","guid":{"rendered":"https:\/\/rp221.com\/?p=11897"},"modified":"2023-01-06T22:08:38","modified_gmt":"2023-01-06T22:08:38","slug":"defi-du-consommer-local-abdou-karim-fofana-invite-a-en-faire-une-affaire-de-tous","status":"publish","type":"post","link":"https:\/\/rp221.com\/?p=11897","title":{"rendered":"D\u00e9fi du consommer local : Abdou Karim Fofana invite \u00e0 en faire une affaire de tous"},"content":{"rendered":"\n<h3 class=\"red\"><strong><em>D\u00e9fi du consommer local : Abdou Karim Fofana invite \u00e0 en faire une affaire de tous<\/em><\/strong><\/h3>\n<strong><a href=\"https:\/\/www.sudquotidien.sn\" data-saferedirecturl=\"https:\/\/www.google.com\/url?hl=fr&amp;q=https:\/\/www.sudquotidien.sn&amp;source=gmail&amp;ust=1673120883311000&amp;usg=AOvVaw2jn1Va_4O1_4wQHqTVDtts\">https:\/\/www.sudquotidien.sn<\/a> Le ministre du Commerce de la consommation et de PME, \u00a0Abdou Karim Fofana a invit\u00e9 les acteurs, notamment les services de l\u2019Etat, le secteur priv\u00e9, les associations de consommateurs, \u00e0 faire du consommer local une affaire de tous afin de relever le d\u00e9fi. Il tenait ses propos hier, jeudi, en marge de la c\u00e9r\u00e9monie d\u2019ouverture officielle de la deuxi\u00e8me \u00e9dition du mois du consommer local qui s\u2019est tenu au CICES.<\/strong>\nIl y a trois mois, le chef de l\u2019Etat lan\u00e7ait les concertations nationales sur la vie ch\u00e8re, en relation avec toutes les forces vives de la nation. Des concertations au sortir desquelles 17 mesures d\u2019urgence avaient \u00e9t\u00e9 retenues parmi lesquelles celle de promouvoir le consommer local. A cet effet, instruction a \u00e9t\u00e9 donn\u00e9e au minist\u00e8re charg\u00e9 du Commerce et des PME en relation avec tous les services de l\u2019Etat, le secteur priv\u00e9 et autres associations de consommateurs d\u2019\u00e9laborer et proposer au gouvernement un programme int\u00e9gr\u00e9 de promotion du consommer local assorti d\u2019un plan d\u2019action budg\u00e9tis\u00e9. D\u2019ailleurs, deux ann\u00e9es auparavant, \u00e0 Diamniadio, et en r\u00e9ponse au contexte pr\u00e9c\u00e9dent de crises li\u00e9 \u00e0 la pand\u00e9mie de\u00a0 Covid-19, le chef de l\u2019Etat pr\u00e9sidait le conseil pr\u00e9sidentiel sur la relance de l\u2019\u00e9conomie avec l\u2019adoption du Pap2A. Ainsi, cette rencontre a permis de r\u00e9unir tous les acteurs de la vie sociale et \u00e9conomique pour \u00e9changer sur les r\u00e9am\u00e9nagements n\u00e9cessaires \u00e0 opter dans les interventions politiques et la red\u00e9finition des axes prioritaires en vue d\u2019apporter la r\u00e9ponse idoine et repositionner notre \u00e9conomie dans son ancien trajectoire de croissance. C\u2019est pourquoi, selon le ministre Abdou Karim Fofana, \u00ab\u00a0R\u00e9ussir \u00e0 faire de cette nouvelle approche une r\u00e9alit\u00e9, \u00e9quivaudra \u00e0 absorber les dynamiques endog\u00e8nes de d\u00e9veloppement de l\u2019\u00e9conomie locale, pour davantage encourager la jeunesse \u00e0 entreprendre, PME et PMI \u00e0 produire plus en qualit\u00e9 et en quantit\u00e9 suffisante\u00a0\u00bb. Aussi,\u00a0 \u00ab\u00a0Les start-up, les artisans, les groupements de femmes sont incit\u00e9s \u00e0 faire davantage, \u00e9clore leur talent et leur g\u00e9nie cr\u00e9ateur pour transformer les ressources locales et fournir les services de qualit\u00e9s\u00a0\u00bb, rel\u00e8ve-t-il. Estimant que ce d\u00e9fi est largement \u00e0 la port\u00e9 du S\u00e9n\u00e9gal, compte tenu de ses acquis et potentialit\u00e9s, le ministre du Commerce indiquera \u00e0 ce titre\u00a0 : \u00ab\u00a0Pour y arriver, la politique Produit du consommer s\u00e9n\u00e9galais doit \u00eatre l\u2019affaire de tous. Parce que quand on parle de politique publique, on a l\u2019impression que c\u2019est la seule responsabilit\u00e9 de l\u2019Etat.\u00a0\u00bb\nCependant, r\u00e9pondant \u00e0 une question d\u2019un acteur du secteur priv\u00e9 demandant \u00e0 ce que 67% soit mis dans le secteur priv\u00e9, M. Fofana de r\u00e9pondre que \u00ab\u00a067% de la commande publique au S\u00e9n\u00e9gal est ex\u00e9cut\u00e9 par les entreprises locales ou communautaires. Donc, \u00e7a signifie que nous sommes ma\u00eetre chez-nous\u00a0\u00bb. Aussi, indiquera-t-il\u00a0 : \u00ab\u00a0Le pr\u00e9sident Macky Sall s\u2019\u00e9tait engag\u00e9 \u00e0 d\u00e9dier 60% de la commande publique de mobiliers. Je suis ravi de vous dire qu\u2019en 2021-2022, nous sommes arriv\u00e9s \u00e0 69% avec 1\u00a0400\u00a0000\u00a0000 FCFA d\u00e9caiss\u00e9 par la Direction du mat\u00e9riel et du transit administratif (DMTA). Sans compter le budget de deux milliards et demi qui a \u00e9t\u00e9 destin\u00e9 \u00e0 la r\u00e9habilitation des tables-bancs des \u00e9coles\u2026\u00a0\u00bb<strong>OUSMANE GOUDIABY<\/strong>\n","protected":false},"excerpt":{"rendered":"<p>D\u00e9fi du consommer local : Abdou Karim Fofana invite \u00e0 en faire une affaire de tous https:\/\/www.sudquotidien.sn Le ministre du Commerce de la consommation et de PME, \u00a0Abdou Karim Fofana a invit\u00e9 les acteurs, notamment les services de l\u2019Etat, le secteur priv\u00e9, les associations de consommateurs, \u00e0 faire du consommer local une affaire de tous [&hellip;]<\/p>\n","protected":false},"author":8,"featured_media":0,"comment_status":"open","ping_status":"open","sticky":false,"template":"","format":"standard","meta":{"_jetpack_newsletter_access":"","_jetpack_dont_email_post_to_subs":false,"_jetpack_newsletter_tier_id":0,"_jetpack_memberships_contains_paywalled_content":false,"_jetpack_memberships_contains_paid_content":false,"footnotes":""},"categories":[42],"tags":[312,521],"class_list":["post-11897","post","type-post","status-publish","format-standard","hentry","category-economie","tag-abdou-karim-fofana","tag-consommer-local"],"jetpack_featured_media_url":"","jetpack_sharing_enabled":true,"_links":{"self":[{"href":"https:\/\/rp221.com\/index.php?rest_route=\/wp\/v2\/posts\/11897","targetHints":{"allow":["GET"]}}],"collection":[{"href":"https:\/\/rp221.com\/index.php?rest_route=\/wp\/v2\/posts"}],"about":[{"href":"https:\/\/rp221.com\/index.php?rest_route=\/wp\/v2\/types\/post"}],"author":[{"embeddable":true,"href":"https:\/\/rp221.com\/index.php?rest_route=\/wp\/v2\/users\/8"}],"replies":[{"embeddable":true,"href":"https:\/\/rp221.com\/index.php?rest_route=%2Fwp%2Fv2%2Fcomments&post=11897"}],"version-history":[{"count":0,"href":"https:\/\/rp221.com\/index.php?rest_route=\/wp\/v2\/posts\/11897\/revisions"}],"wp:attachment":[{"href":"https:\/\/rp221.com\/index.php?rest_route=%2Fwp%2Fv2%2Fmedia&parent=11897"}],"wp:term":[{"taxonomy":"category","embeddable":true,"href":"https:\/\/rp221.com\/index.php?rest_route=%2Fwp%2Fv2%2Fcategories&post=11897"},{"taxonomy":"post_tag","embeddable":true,"href":"https:\/\/rp221.com\/index.php?rest_route=%2Fwp%2Fv2%2Ftags&post=11897"}],"curies":[{"name":"wp","href":"https:\/\/api.w.org\/{rel}","templated":true}]}}