{"id":11896,"date":"2023-01-06T20:28:22","date_gmt":"2023-01-06T20:28:22","guid":{"rendered":"https:\/\/rp221.com\/?p=11896"},"modified":"2023-01-06T22:08:37","modified_gmt":"2023-01-06T22:08:37","slug":"les-prix-prennent-lascenseur","status":"publish","type":"post","link":"https:\/\/rp221.com\/?p=11896","title":{"rendered":"LES PRIX PRENNENT L\u2019ASCENSEUR"},"content":{"rendered":"\n<h3 class=\"red\"><strong><em>LES PRIX PRENNENT L\u2019ASCENSEUR<\/em><\/strong><\/h3>\n<a href=\"https:\/\/emedia.sn\" data-saferedirecturl=\"https:\/\/www.google.com\/url?hl=fr&amp;q=https:\/\/emedia.sn&amp;source=gmail&amp;ust=1673120883310000&amp;usg=AOvVaw1hFuXmGyvoEaaBQlL1ga0s\">https:\/\/emedia.sn<\/a> 100 francs de plus sur le prix du gasoil, 100 francs sur l\u2019essence, c\u2019est la hausse d\u00e9cid\u00e9e par le gouvernement. Elle sera confirm\u00e9e par la nouvelle grille tarifaire des prix dans le secteur qui sera publi\u00e9e ce soir. Pour l\u2019\u00e9lectricit\u00e9, seule la tranche sociale sera \u00e9pargn\u00e9e.\nLe gouvernement va revoir les co\u00fbts dans le secteur des hydrocarbures. Si la bonbonne de gaz va \u00eatre \u00e9pargn\u00e9e, l\u2019essence et le gasoil connaitront chacun une hausse de 100 francs. Pour l\u2019\u00e9lectricit\u00e9, la hausse ne s\u2019appliquera pas \u00e0 la tranche sociale (jusqu\u2019\u00e0 150 kwts), tout le contraire des autres tranches.\nLorsque le pr\u00e9sident de la R\u00e9publique annon\u00e7ait les mesures pour 2023, dans son Message de Nouvel An, les S\u00e9n\u00e9galais ne se doutaient qu\u2019il s\u2019agit d\u2019une hausse des prix du carburant et de l\u2019\u00e9lectricit\u00e9.\n\u00ab\u00a0L\u2019effort de protection sociale sera renforc\u00e9 en 2023 avec la mobilisation de plus de 450 milliards au titre des subventions des produits alimentaires et \u00e9nerg\u00e9tiques. Celles concernant le carburant et l\u2019\u00e9lectricit\u00e9 seront cependant ajust\u00e9es et mieux cibl\u00e9es en faveur des couches sociales les plus n\u00e9cessiteuses\u00a0\u00bb, avait-il laiss\u00e9 entendre.\nL\u2019Etat, par le biais du minist\u00e8re du P\u00e9trole et des \u00e9nergies, va se prononcer samedi.Babacar Gu\u00e8ye DIOP\n","protected":false},"excerpt":{"rendered":"<p>LES PRIX PRENNENT L\u2019ASCENSEUR https:\/\/emedia.sn 100 francs de plus sur le prix du gasoil, 100 francs sur l\u2019essence, c\u2019est la hausse d\u00e9cid\u00e9e par le gouvernement. Elle sera confirm\u00e9e par la nouvelle grille tarifaire des prix dans le secteur qui sera publi\u00e9e ce soir. Pour l\u2019\u00e9lectricit\u00e9, seule la tranche sociale sera \u00e9pargn\u00e9e. Le gouvernement va revoir [&hellip;]<\/p>\n","protected":false},"author":8,"featured_media":0,"comment_status":"open","ping_status":"open","sticky":false,"template":"","format":"standard","meta":{"_jetpack_newsletter_access":"","_jetpack_dont_email_post_to_subs":false,"_jetpack_newsletter_tier_id":0,"_jetpack_memberships_contains_paywalled_content":false,"_jetpack_memberships_contains_paid_content":false,"footnotes":""},"categories":[42],"tags":[594],"class_list":["post-11896","post","type-post","status-publish","format-standard","hentry","category-economie","tag-prix-du-carburant"],"jetpack_featured_media_url":"","jetpack_sharing_enabled":true,"_links":{"self":[{"href":"https:\/\/rp221.com\/index.php?rest_route=\/wp\/v2\/posts\/11896","targetHints":{"allow":["GET"]}}],"collection":[{"href":"https:\/\/rp221.com\/index.php?rest_route=\/wp\/v2\/posts"}],"about":[{"href":"https:\/\/rp221.com\/index.php?rest_route=\/wp\/v2\/types\/post"}],"author":[{"embeddable":true,"href":"https:\/\/rp221.com\/index.php?rest_route=\/wp\/v2\/users\/8"}],"replies":[{"embeddable":true,"href":"https:\/\/rp221.com\/index.php?rest_route=%2Fwp%2Fv2%2Fcomments&post=11896"}],"version-history":[{"count":0,"href":"https:\/\/rp221.com\/index.php?rest_route=\/wp\/v2\/posts\/11896\/revisions"}],"wp:attachment":[{"href":"https:\/\/rp221.com\/index.php?rest_route=%2Fwp%2Fv2%2Fmedia&parent=11896"}],"wp:term":[{"taxonomy":"category","embeddable":true,"href":"https:\/\/rp221.com\/index.php?rest_route=%2Fwp%2Fv2%2Fcategories&post=11896"},{"taxonomy":"post_tag","embeddable":true,"href":"https:\/\/rp221.com\/index.php?rest_route=%2Fwp%2Fv2%2Ftags&post=11896"}],"curies":[{"name":"wp","href":"https:\/\/api.w.org\/{rel}","templated":true}]}}