{"id":11535,"date":"2022-12-30T23:28:12","date_gmt":"2022-12-30T23:28:12","guid":{"rendered":"https:\/\/rp221.com\/?p=11535"},"modified":"2022-12-30T23:28:18","modified_gmt":"2022-12-30T23:28:18","slug":"non-respect-du-protocole-daccord-le-saemss-annonce-un-preavis-de-greve","status":"publish","type":"post","link":"https:\/\/rp221.com\/?p=11535","title":{"rendered":"NON-RESPECT DU PROTOCOLE D\u2019ACCORD : Le Saemss annonce un pr\u00e9avis de gr\u00e8ve"},"content":{"rendered":"\n<h3 class=\"red\"><strong><em>NON-RESPECT DU PROTOCOLE D\u2019ACCORD : Le Saemss annonce un pr\u00e9avis de gr\u00e8ve<\/em><\/strong><\/h3>\n<em><a href=\"https:\/\/www.enqueteplus.com\" data-saferedirecturl=\"https:\/\/www.google.com\/url?hl=fr&amp;q=https:\/\/www.enqueteplus.com&amp;source=gmail&amp;ust=1672490002460000&amp;usg=AOvVaw2GxuRZhrLYVSeVyvR1y4Q_\">https:\/\/www.enqueteplus.com<\/a> \u00c0 l\u2019occasion de sa premi\u00e8re r\u00e9union tenue\u00a0au lendemain de son Congr\u00e8s ordinaire, le Bureau ex\u00e9cutif national du Syndicat autonome des enseignants du moyen secondaire (Saemss) a d\u00e9plor\u00e9 le non-respect du protocole d\u2019accord. El Malick Youm annonce un pr\u00e9avis de gr\u00e8ve dans les prochains jours.<\/em>\nLes membres du Syndicat autonome des enseignants du moyen secondaire (Saemss) sont\u00a0tr\u00e8s remont\u00e9s contre les autorit\u00e9s \u00e9tatiques. Ils les accusent, en effet, de n\u2019avoir pas respect\u00e9 les accords sign\u00e9s le 26 f\u00e9vrier 2022. \u2018\u2019Nous avons jug\u00e9 n\u00e9cessaire de nous retrouver pour tirer le bilan, \u00e0 mi-parcours, de l\u2019ex\u00e9cution de ce protocole d\u2019accord du 26 f\u00e9vrier qui laisse transpara\u00eetre un passif qui commence \u00e0 s\u2019amonceler. Nous avons aujourd\u2019hui pris la d\u00e9cision, \u00e0 l\u2019issu des travaux, d\u2019aller vers la mise en \u0153uvre de la feuille de route syndicale de 2022-2023 qui ne manquera pas de revenir sur des aspects importants qui devront nous permettre d\u2019aller vers une ann\u00e9e scolaire qui sera inscrite dans le sceau du strict respect des accords sign\u00e9s avec le gouvernement du S\u00e9n\u00e9gal\u2019\u2019, soutient\u00a0le secr\u00e9taire g\u00e9n\u00e9ral national du Saemss, El Hadj Malick Youm.\n<h4 class=\"blue\"><strong><em>C\u2019est pour cela que,\u00a0dans le cadre de sa mission d\u2019alerte et de veille, poursuit-il, le Saemss\u00a0va vers le d\u00e9p\u00f4t d\u2019un pr\u00e9avis de gr\u00e8ve au sortir de ces travaux, pour demander au gouvernement de travailler \u00e0\u00a0la mat\u00e9rialisation dirigeante de tous les accords qui ont \u00e9t\u00e9 sign\u00e9s ; de mettre en place un dispositif de veille pour que l\u2019\u00e9ch\u00e9ancier de fin janvier 2023 soit strictement respect\u00e9, afin qu\u2019on puisse permettre aux enseignants de b\u00e9n\u00e9ficier correctement de la correction du syst\u00e8me de r\u00e9mun\u00e9ration.<\/em><\/strong><\/h4>\n\u2018\u2019Nous exigeons l\u2019arr\u00eat syst\u00e9matique des augmentations not\u00e9es au niveau de la ligne 623 qui commence \u00e0 grever le salaire des enseignants de fa\u00e7on inacceptable et c\u2019est pourquoi nous demandons au gouvernement d\u2019assumer des responsabilit\u00e9s et de respecter l\u2019esprit et l\u2019accord que nous avons sign\u00e9 le 26 f\u00e9vrier 2022\u2018\u2019, ajoute le syndicaliste.\nPour lui, le gouvernement est encore dans un immobilisme inexplicable sur bien des questions. \u2018\u2019Il s\u2019agit notamment du point relatif \u00e0 la situation des d\u00e9cisionnaires. Nous avons \u00e9galement constat\u00e9 un retard par rapport \u00e0 l\u2019effectivit\u00e9 de la formation des professeurs d\u2019\u00e9ducation physique (MPES). Il en est de m\u00eame des questions de mise \u00e0 position de stages et d\u2019autres questions li\u00e9es \u00e0 la formation des enseignants\u2019\u2019, souligne El Malick Youm.\n","protected":false},"excerpt":{"rendered":"<p>NON-RESPECT DU PROTOCOLE D\u2019ACCORD : Le Saemss annonce un pr\u00e9avis de gr\u00e8ve https:\/\/www.enqueteplus.com \u00c0 l\u2019occasion de sa premi\u00e8re r\u00e9union tenue\u00a0au lendemain de son Congr\u00e8s ordinaire, le Bureau ex\u00e9cutif national du Syndicat autonome des enseignants du moyen secondaire (Saemss) a d\u00e9plor\u00e9 le non-respect du protocole d\u2019accord. El Malick Youm annonce un pr\u00e9avis de gr\u00e8ve dans les [&hellip;]<\/p>\n","protected":false},"author":8,"featured_media":0,"comment_status":"open","ping_status":"open","sticky":false,"template":"","format":"standard","meta":{"_jetpack_newsletter_access":"","_jetpack_dont_email_post_to_subs":false,"_jetpack_newsletter_tier_id":0,"_jetpack_memberships_contains_paywalled_content":false,"_jetpack_memberships_contains_paid_content":false,"footnotes":""},"categories":[43],"tags":[288],"class_list":["post-11535","post","type-post","status-publish","format-standard","hentry","category-social","tag-saemss"],"jetpack_featured_media_url":"","jetpack_sharing_enabled":true,"_links":{"self":[{"href":"https:\/\/rp221.com\/index.php?rest_route=\/wp\/v2\/posts\/11535","targetHints":{"allow":["GET"]}}],"collection":[{"href":"https:\/\/rp221.com\/index.php?rest_route=\/wp\/v2\/posts"}],"about":[{"href":"https:\/\/rp221.com\/index.php?rest_route=\/wp\/v2\/types\/post"}],"author":[{"embeddable":true,"href":"https:\/\/rp221.com\/index.php?rest_route=\/wp\/v2\/users\/8"}],"replies":[{"embeddable":true,"href":"https:\/\/rp221.com\/index.php?rest_route=%2Fwp%2Fv2%2Fcomments&post=11535"}],"version-history":[{"count":0,"href":"https:\/\/rp221.com\/index.php?rest_route=\/wp\/v2\/posts\/11535\/revisions"}],"wp:attachment":[{"href":"https:\/\/rp221.com\/index.php?rest_route=%2Fwp%2Fv2%2Fmedia&parent=11535"}],"wp:term":[{"taxonomy":"category","embeddable":true,"href":"https:\/\/rp221.com\/index.php?rest_route=%2Fwp%2Fv2%2Fcategories&post=11535"},{"taxonomy":"post_tag","embeddable":true,"href":"https:\/\/rp221.com\/index.php?rest_route=%2Fwp%2Fv2%2Ftags&post=11535"}],"curies":[{"name":"wp","href":"https:\/\/api.w.org\/{rel}","templated":true}]}}