{"id":11505,"date":"2022-12-30T23:13:39","date_gmt":"2022-12-30T23:13:39","guid":{"rendered":"https:\/\/rp221.com\/?p=11505"},"modified":"2022-12-30T23:21:10","modified_gmt":"2022-12-30T23:21:10","slug":"autosuffisance-en-lait-dans-5-ans-lautre-quinquennat-de-macky","status":"publish","type":"post","link":"https:\/\/rp221.com\/?p=11505","title":{"rendered":"Autosuffisance en lait dans 5 ans : L\u2019autre quinquennat de Macky"},"content":{"rendered":"\n<h3 class=\"red\"><strong><em>Autosuffisance en lait dans 5 ans : L\u2019autre quinquennat de Macky<\/em><\/strong><\/h3>\n<strong><a href=\"https:\/\/lequotidien.sn\" data-saferedirecturl=\"https:\/\/www.google.com\/url?hl=fr&amp;q=https:\/\/lequotidien.sn&amp;source=gmail&amp;ust=1672490002458000&amp;usg=AOvVaw0mAbIPBcI-AQe-WHpIuXk5\">https:\/\/lequotidien.sn<\/a> Le Pr\u00e9sident Macky Sall, qui pr\u00e9sidait hier la c\u00e9l\u00e9bration de la Journ\u00e9e nationale de l\u2019\u00e9levage (Jne) \u00e0 Tambacounda, consid\u00e8re que, compte tenu des efforts consentis dans le sous-secteur de l\u2019\u00e9levage, le S\u00e9n\u00e9gal va arr\u00eater d\u2019importer du lait d\u2019ici 3 \u00e0 5 ans.<\/strong>\nDans le cadre de l\u2019intensification\u00a0de la\u00a0production laiti\u00e8re, 1200 g\u00e9nisses vont \u00eatre import\u00e9es en janvier 2023. Et en 2024, le S\u00e9n\u00e9gal compte en importer 2500, a annonc\u00e9 hier le pr\u00e9sident de la R\u00e9publique \u00e0 l\u2019occasion de la c\u00e9l\u00e9bration de la 8e \u00e9dition de la Journ\u00e9e nationale de l\u2019\u00e9levage \u00e0 Tambacounda. Ainsi, esp\u00e8re Macky Sall, le S\u00e9n\u00e9gal va arr\u00eater d\u2019importer du lait d\u2019ici 3 \u00e0 5 ans. En effet, rappelle le chef de l\u2019Etat, beaucoup d\u2019efforts sont en train d\u2019\u00eatre consentis pour l\u2019am\u00e9lioration g\u00e9n\u00e9tique visant \u00e0 renforcer la production de lait et de viande. De 30%, la subvention allou\u00e9e aux importateurs de g\u00e9nisses au S\u00e9n\u00e9gal a \u00e9t\u00e9 ainsi port\u00e9e \u00e0 50%. Cette mesure s\u2019inscrit dans le cadre d\u2019un programme de modernisation sp\u00e9cifique des fili\u00e8res animales, pour r\u00e9duire significativement les importations de lait au S\u00e9\u00adn\u00e9gal, mais \u00e9galement de viande. C\u2019est toujours dans cette perspective de consolidation que Macky Sall place le premier Recen\u00adsement national de l\u2019\u00e9levage du S\u00e9n\u00e9gal qu\u2019il compte lancer dont le but est d\u2019avoir une ma\u00eetrise des donn\u00e9es sur l\u2019\u00e9levage.\nDe 2012 \u00e0 2023, souligne-t-il, le budget du minist\u00e8re de l\u2019Elevage et des productions animales a tripl\u00e9, en passant de 9,56 milliards de francs Cfa \u00e0 28,4 milliards de francs Cfa, avec les r\u00e9formes du cadre r\u00e9glementaire et fiscal. A cela, s\u2019ajoutent le recentrage des objectifs du Fonstab dont il dit augmenter \u00able budget de 3 milliards \u00e0 5 milliards de francs Cfa ; ce qui a permis de financer en 2022, 550 projets sur 723 projets transmis aux partenaires financiers, la mise en \u0153uvre de la 2\u00e8me phase du Projet r\u00e9gional d\u2019appui au pastoralisme au Sahel (Praps2-Sn) d\u2019un montant de 30,18 milliards de francs Cfa, le d\u00e9ploiement de financements adapt\u00e9s \u00e0 toutes les fili\u00e8res du secteur \u00e0 travers les guichets et programmes de la Der\/fj ; interventions qui s\u2019\u00e9l\u00e8vent globalement \u00e0 9,2 milliards de francs Cfa (sur la p\u00e9riode 2018-2022) pour pr\u00e8s de 18 000 promoteurs et b\u00e9n\u00e9ficiaires, l\u2019am\u00e9lioration des conditions de travail des agents du secteur de l\u2019\u00e9levage avec l\u2019acquisition de 35 v\u00e9hicules pick-up et 140 motos, ainsi que la revalorisation du traitement salarial et des r\u00e9mun\u00e9rations des agents\u00bb, entre autres.\nLe th\u00e8me de la 8e \u00e9dition de la Jne porte sur la \u00abModer\u00adnisation et intensification des syst\u00e8mes d\u2019\u00e9levage pour une comp\u00e9titivit\u00e9 des cha\u00eenes de valeur animale et la souverainet\u00e9 alimentaire\u00bb. Face aux nombreux d\u00e9fis climatiques, sanitaires, \u00e9conomiques et s\u00e9curitaires, explique Macky Sall, \u00abce th\u00e8me interroge notre capacit\u00e9 \u00e0 agir positivement sur toute la cha\u00eene de valeur, de l\u2019approvisionnement \u00e0 la commercialisation, en passant par la production, le d\u00e9veloppement des ressources humaines et la mise en place d\u2019infrastructures de qualit\u00e9\u00bb. Le Pr\u00e9sident se f\u00e9licite ainsi de la pertinence des orientations des travaux pr\u00e9paratoires \u00e0 cette journ\u00e9e qui mettent l\u2019accent sur, entre autres, l\u2019adoption du Code pastoral. C\u2019est conscient de cet imp\u00e9ratif, et \u00e0 la suite d\u2019un long processus d\u2019\u00e9laboration participatif et inclusif, qu\u2019il a fait adopter, mercredi, en Conseil des ministres, le Projet de loi portant Code pastoral qui, \u00abau terme de son approbation, viendra renforcer les instruments de notre politique en mati\u00e8re d\u2019\u00e9levage.\nTout comme le Programme national de d\u00e9veloppement int\u00e9gr\u00e9 de l\u2019\u00e9levage au S\u00e9n\u00e9gal (Pndies), financ\u00e9 \u00e0 hauteur de 50 milliards de francs Cfa, participera \u00e0 la modernisation du secteur\u00bb.<strong>Par Abdoulaye Fall Correspondant \u2013 <a href=\"mailto : afall@lequotidien.sn\">afall@lequotidien.sn<\/a><\/strong>\n","protected":false},"excerpt":{"rendered":"<p>Autosuffisance en lait dans 5 ans : L\u2019autre quinquennat de Macky https:\/\/lequotidien.sn Le Pr\u00e9sident Macky Sall, qui pr\u00e9sidait hier la c\u00e9l\u00e9bration de la Journ\u00e9e nationale de l\u2019\u00e9levage (Jne) \u00e0 Tambacounda, consid\u00e8re que, compte tenu des efforts consentis dans le sous-secteur de l\u2019\u00e9levage, le S\u00e9n\u00e9gal va arr\u00eater d\u2019importer du lait d\u2019ici 3 \u00e0 5 ans. Dans [&hellip;]<\/p>\n","protected":false},"author":8,"featured_media":0,"comment_status":"open","ping_status":"open","sticky":false,"template":"","format":"standard","meta":{"_jetpack_newsletter_access":"","_jetpack_dont_email_post_to_subs":false,"_jetpack_newsletter_tier_id":0,"_jetpack_memberships_contains_paywalled_content":false,"_jetpack_memberships_contains_paid_content":false,"footnotes":""},"categories":[42],"tags":[1097,59],"class_list":["post-11505","post","type-post","status-publish","format-standard","hentry","category-economie","tag-autosuffisance-en-lait","tag-macky-sall"],"jetpack_featured_media_url":"","jetpack_sharing_enabled":true,"_links":{"self":[{"href":"https:\/\/rp221.com\/index.php?rest_route=\/wp\/v2\/posts\/11505","targetHints":{"allow":["GET"]}}],"collection":[{"href":"https:\/\/rp221.com\/index.php?rest_route=\/wp\/v2\/posts"}],"about":[{"href":"https:\/\/rp221.com\/index.php?rest_route=\/wp\/v2\/types\/post"}],"author":[{"embeddable":true,"href":"https:\/\/rp221.com\/index.php?rest_route=\/wp\/v2\/users\/8"}],"replies":[{"embeddable":true,"href":"https:\/\/rp221.com\/index.php?rest_route=%2Fwp%2Fv2%2Fcomments&post=11505"}],"version-history":[{"count":0,"href":"https:\/\/rp221.com\/index.php?rest_route=\/wp\/v2\/posts\/11505\/revisions"}],"wp:attachment":[{"href":"https:\/\/rp221.com\/index.php?rest_route=%2Fwp%2Fv2%2Fmedia&parent=11505"}],"wp:term":[{"taxonomy":"category","embeddable":true,"href":"https:\/\/rp221.com\/index.php?rest_route=%2Fwp%2Fv2%2Fcategories&post=11505"},{"taxonomy":"post_tag","embeddable":true,"href":"https:\/\/rp221.com\/index.php?rest_route=%2Fwp%2Fv2%2Ftags&post=11505"}],"curies":[{"name":"wp","href":"https:\/\/api.w.org\/{rel}","templated":true}]}}