{"id":11503,"date":"2022-12-30T23:20:11","date_gmt":"2022-12-30T23:20:11","guid":{"rendered":"https:\/\/rp221.com\/?p=11503"},"modified":"2022-12-30T23:21:17","modified_gmt":"2022-12-30T23:21:17","slug":"realisation-de-ses-projets-prioritaires-lomvs-en-quete-de-financements","status":"publish","type":"post","link":"https:\/\/rp221.com\/?p=11503","title":{"rendered":"R\u00e9alisation de ses projets prioritaires : l\u2019OMVS en qu\u00eate de financements"},"content":{"rendered":"\n<h3 class=\"red\"><strong><em>R\u00e9alisation de ses projets prioritaires : l\u2019OMVS en qu\u00eate de financements<\/em><\/strong><\/h3>\n<strong><a href=\"https:\/\/www.sudquotidien.sn\" data-saferedirecturl=\"https:\/\/www.google.com\/url?hl=fr&amp;q=https:\/\/www.sudquotidien.sn&amp;source=gmail&amp;ust=1672490002459000&amp;usg=AOvVaw1ADzCp5dQLakf6EJ3R1qfC\">https:\/\/www.sudquotidien.sn<\/a> Lors de la c\u00e9r\u00e9monie de sa 75<sup>\u00e8me<\/sup>\u00a0session ordinaire, l\u2019Organisation pour la mise en valeur du fleuve S\u00e9n\u00e9gal (OMVS) a fait \u00e9tat de l\u2019un des d\u00e9fis auxquels elle fait face dans le cadre de la r\u00e9alisation effective de ses projets prioritaires. Ce d\u00e9fi, selon l\u2019OMVS, n\u2019est rien d\u2019autre que la mobilisation des financements. Par ailleurs, les acteurs ont \u00e9galement pass\u00e9 en revue les r\u00e9alisations faites par l\u2019organisation autour du bassin du fleuve S\u00e9n\u00e9gal durant l\u2019ann\u00e9e 2022.<\/strong>\nLa 75<sup>\u00e8me<\/sup>\u00a0session ordinaire du Conseil des ministres de l\u2019Organisation pour la mise valeur du fleuve S\u00e9n\u00e9gal (OMVS) se tient les 29 et 30 d\u00e9cembre 2022 \u00e0 Dakar, sous la pr\u00e9sidence de Serigne Mbaye Thiam, ministre de l\u2019Eau et de l\u2019Assainissement du S\u00e9n\u00e9gal, par ailleurs pr\u00e9sident en exercice du Conseil des ministres de l\u2019OMVS. En effet, cette rencontre statutaire, au-del\u00e0 de son objet budg\u00e9taire, constitue une occasion pour les autorit\u00e9s de jeter un regard critique sur l\u2019organisation et de d\u00e9cliner les orientations susceptibles de redynamiser davantage son fonctionnement et de concr\u00e9tiser les grands projets en cours de d\u00e9veloppement.\n<h4 class=\"blue\"><strong><em>A ce sujet, l\u2019un des d\u00e9fis majeurs auxquels fait face l\u2019organisation reste la mobilisation des financements de ses projets prioritaires<\/em><\/strong><\/h4>.\nAinsi, selon le pr\u00e9sident en exercice du Conseil des ministres de l\u2019OMVS, Serigne Mbaye Thiam,\u00a0<em>\u00abNous devons r\u00e9fl\u00e9chir et d\u00e9velopper de nouvelles\u00a0strat\u00e9gies, qui nous permettront de r\u00e9soudre la lancinante question qui se dresse sur le chemin critique de la r\u00e9alisation de nos diff\u00e9rents projets. Il s\u2019agit notamment de la mobilisation effective des financements. C\u2019est cela, aujourd\u2019hui, le v\u00e9ritable d\u00e9fi que notre organisation doit relever, pour faire face \u00e0 ses ambitions\u00bb<\/em>.\nPour relever ce d\u00e9fi, rel\u00e8ve le ministre s\u00e9n\u00e9galais de l\u2019Eau et de l\u2019Assainissement, M. Thiam,\u00a0<em>\u00abNous devons poser d\u2019autres jalons importants afin de mobiliser les financements requis pour la r\u00e9alisation de nos projets prioritaires, notamment de barrage hydro\u00e9lectrique de Koukoutamba, en Guin\u00e9e, dans le haut-bassin, et le projet de navigation sur le fleuve S\u00e9n\u00e9gal\u00bb.<\/em>\u00a0Par ailleurs, rench\u00e9rit-il,\u00a0<em>\u00abIl est n\u00e9cessaire de multiplier les d\u00e9marches et explorer d\u2019autres sources de financements pour la mobilisation de la part des autres Etats dans le financement du syst\u00e8me.\u00bb<\/em>\nAu cours de cette c\u00e9r\u00e9monie d\u2019ouverture, les acteurs sont \u00e9galement revenus sur les grandes r\u00e9alisations de l\u2019OMVS qui a notamment obtenu le Grand Prix Mondial Assane II de l\u2019Eau, \u00e0 l\u2019occasion du 9<sup>e<\/sup>\u00a0Forum international de l\u2019eau et sa nomination au Prix Nobel de la Paix. Ces simples distinctions, trouve le ministre Serigne Mbaye Thiam, traduisent\u00a0<em>\u00ab\u00e0 la fois une cons\u00e9cration et une reconnaissance de la valeur de la coop\u00e9ration entre nos Etats\u00bb<\/em>.\nAussi, l\u2019ann\u00e9e 2022 est marqu\u00e9e, rappelle M. Thiam, par de grandes r\u00e9alisations dans le syst\u00e8me avec notamment l\u2019inauguration, le 3 d\u00e9cembre dernier, du troisi\u00e8me ouvrage hydro\u00e9lectrique de l\u2019organisation\u00a0: le barrage de Gouina, au Mali.\u00a0<em>\u00abUn investissement qui vient \u00e0 point nomm\u00e9, avec une production suppl\u00e9mentaire devant permettre de renforcer l\u2019offre \u00e9nerg\u00e9tique dans l\u2019espace OMVS et de r\u00e9pondre significativement aux enjeux de d\u00e9veloppement \u00e9conomique de nos Etats\u00bb<\/em>, a dit le pr\u00e9sident en exercice du Conseil des ministres de l\u2019OMVS.\nIl s\u2019y ajoute \u00e9galement la r\u00e9ception et la mise sous tension de la ligne OMVS Kayes-Tambacounda. Une des sous-composantes du projet Manantali 2, qui permet aujourd\u2019hui de rendre effective l\u2019interconnexion des r\u00e9seaux OMVS et OMVG, l\u2019Organisation pour la mise en valeur du fleuve Gambie, \u00e0 partir du poste de Tambacounda\u2026<strong>Ousmane GOUDIABY<\/strong>\n","protected":false},"excerpt":{"rendered":"<p>R\u00e9alisation de ses projets prioritaires : l\u2019OMVS en qu\u00eate de financements https:\/\/www.sudquotidien.sn Lors de la c\u00e9r\u00e9monie de sa 75\u00e8me\u00a0session ordinaire, l\u2019Organisation pour la mise en valeur du fleuve S\u00e9n\u00e9gal (OMVS) a fait \u00e9tat de l\u2019un des d\u00e9fis auxquels elle fait face dans le cadre de la r\u00e9alisation effective de ses projets prioritaires. Ce d\u00e9fi, selon [&hellip;]<\/p>\n","protected":false},"author":8,"featured_media":0,"comment_status":"open","ping_status":"open","sticky":false,"template":"","format":"standard","meta":{"_jetpack_newsletter_access":"","_jetpack_dont_email_post_to_subs":false,"_jetpack_newsletter_tier_id":0,"_jetpack_memberships_contains_paywalled_content":false,"_jetpack_memberships_contains_paid_content":false,"footnotes":""},"categories":[42],"tags":[678],"class_list":["post-11503","post","type-post","status-publish","format-standard","hentry","category-economie","tag-omvs"],"jetpack_featured_media_url":"","jetpack_sharing_enabled":true,"_links":{"self":[{"href":"https:\/\/rp221.com\/index.php?rest_route=\/wp\/v2\/posts\/11503","targetHints":{"allow":["GET"]}}],"collection":[{"href":"https:\/\/rp221.com\/index.php?rest_route=\/wp\/v2\/posts"}],"about":[{"href":"https:\/\/rp221.com\/index.php?rest_route=\/wp\/v2\/types\/post"}],"author":[{"embeddable":true,"href":"https:\/\/rp221.com\/index.php?rest_route=\/wp\/v2\/users\/8"}],"replies":[{"embeddable":true,"href":"https:\/\/rp221.com\/index.php?rest_route=%2Fwp%2Fv2%2Fcomments&post=11503"}],"version-history":[{"count":0,"href":"https:\/\/rp221.com\/index.php?rest_route=\/wp\/v2\/posts\/11503\/revisions"}],"wp:attachment":[{"href":"https:\/\/rp221.com\/index.php?rest_route=%2Fwp%2Fv2%2Fmedia&parent=11503"}],"wp:term":[{"taxonomy":"category","embeddable":true,"href":"https:\/\/rp221.com\/index.php?rest_route=%2Fwp%2Fv2%2Fcategories&post=11503"},{"taxonomy":"post_tag","embeddable":true,"href":"https:\/\/rp221.com\/index.php?rest_route=%2Fwp%2Fv2%2Ftags&post=11503"}],"curies":[{"name":"wp","href":"https:\/\/api.w.org\/{rel}","templated":true}]}}