{"id":11502,"date":"2022-12-30T23:19:03","date_gmt":"2022-12-30T23:19:03","guid":{"rendered":"https:\/\/rp221.com\/?p=11502"},"modified":"2022-12-30T23:21:14","modified_gmt":"2022-12-30T23:21:14","slug":"le-marche-dinteret-national-un-levier-pour-reorganiser-le-commerce-au-senegal-diplomate","status":"publish","type":"post","link":"https:\/\/rp221.com\/?p=11502","title":{"rendered":"Le March\u00e9 d\u2019int\u00e9r\u00eat national, un levier pour \u00a0\u00bbr\u00e9organiser le commerce au S\u00e9n\u00e9gal\u00a0\u00bb (diplomate)"},"content":{"rendered":"\n<h3 class=\"red\"><strong><em>Le March\u00e9 d\u2019int\u00e9r\u00eat national, un levier pour ''r\u00e9organiser le commerce au S\u00e9n\u00e9gal'' (diplomate)<\/em><\/strong><\/h3>\nDiamniadio, 30 d\u00e9c (APS) - Le March\u00e9 d'int\u00e9r\u00eat national (MIN) implant\u00e9 au c\u0153ur du p\u00f4le urbain de Diamniadio constitue un levier pour r\u00e9organiser le commerce au S\u00e9n\u00e9gal et faciliter les affaires, estime l'ambassadeur du Maroc, Hassan Naciri.\nL'ambassadeur du Royaume ch\u00e9rifien au S\u00e9n\u00e9gal a effectu\u00e9 jeudi une visite de travail au March\u00e9 d'int\u00e9r\u00eat national sis \u00e0 Diamniadio, une infrastructure jumel\u00e9e \u00e0 la Gare des gros porteurs (GGP).\n<h4 class=\"blue\"><strong><em>\"Cette opportunit\u00e9 m'a permis de voir sur le terrain toutes les mesures prises, d'abord l'infrastructure elle-m\u00eame parce que c'est une infrastructure imposante de par la superficie, de par tous les \u00e9quipements aux alentours'', a d\u00e9clar\u00e9 l'ambassadeur du Maroc.<\/em><\/strong><\/h4>\nSelon lui, cette infrastructure \"traduit de la mani\u00e8re la plus belle cette ambition d'un S\u00e9n\u00e9gal \u00e9mergent, d'un S\u00e9n\u00e9gal moderne [...]''.\nA l'en croire, cela \"ne peut que faciliter la mission des hommes d'affaires, des op\u00e9rateurs'', sans compter que tout cela \"participe aussi de la r\u00e9organisation tout simplement du commerce au S\u00e9n\u00e9gal\".\nHassan Naciri promet de faire la promotion de cette infrastructure et invite d'ores et d\u00e9j\u00e0 les op\u00e9rateurs marocains \u00e0 venir s'installer au March\u00e9 d'int\u00e9r\u00eat national \"dont la dimension internationale est reconnue de par ses \u00e9quipements modernes\".\n\"J'invite tout simplement nos op\u00e9rateurs \u00e0 s'approcher de cette unit\u00e9 \u00e0 travers la Chambre de commerce, pour pouvoir justement profiter des services et des facilit\u00e9s que \u00e7a offre \u00e0 tout le monde\", a-t-il lanc\u00e9.\nLe March\u00e9 d\u2019int\u00e9r\u00eat national a \u00e9t\u00e9 inaugur\u00e9 en 2019 par le pr\u00e9sident Macky Sall.\n<h4 class=\"blue\"><strong><em>Il est b\u00e2ti sur une superficie de 24 hectares, compte 147 magasins dont 45 disposent de chambres froides, selon Osem Diallo, charg\u00e9 de communication de la Soci\u00e9t\u00e9 en charge de l'exploitation du March\u00e9 d'int\u00e9r\u00eat national et de la gare des gros porteurs (SEMIG SA).<\/em><\/strong><\/h4>\nAbdoulaye Sow, pr\u00e9sident du conseil d'administration (PCA) de la SEMIG SA, s'est dit \"tr\u00e8s honor\u00e9\" de la visite de l'ambassadeur du Maroc au S\u00e9n\u00e9gal.\n<ol>\n  <li>Sow, par ailleurs pr\u00e9sident de la Chambre de commerce, d'industrie et d'agriculture de Dakar (CCIAD), a invit\u00e9 les hommes d'affaires marocains \u00e0 non seulement venir s'installer au March\u00e9 d'int\u00e9r\u00eat national de Diamniadio mais \u00e9galement \u00e0 \"respecter les normes \u00e9tablies\", notamment en termes d'obtention de quitus pour faire des affaires au S\u00e9n\u00e9gal.<\/li>\n<\/ol>\nOutre le S\u00e9n\u00e9gal, le Maroc est le deuxi\u00e8me pays install\u00e9 au March\u00e9 d'int\u00e9r\u00eat national, un service public dont l'acc\u00e8s est r\u00e9serv\u00e9 aux producteurs et commer\u00e7ants.\nIl est dot\u00e9 d'un laboratoire accr\u00e9dit\u00e9 en chimie et biologie, lequel laboratoire est charg\u00e9 de faire les analyses et contr\u00f4les des produits destin\u00e9s \u00e0 la consommation ou pas.\nImplant\u00e9 \u00e0 c\u00f4t\u00e9 du MIN, la Gare des gros porteurs (GGP) est un espace d\u00e9di\u00e9 au stationnement des transporteurs routiers. Cette infrastructure est aussi disponible pour les usagers du March\u00e9 d'int\u00e9r\u00eat national.CGD\/BK\n","protected":false},"excerpt":{"rendered":"<p>Le March\u00e9 d\u2019int\u00e9r\u00eat national, un levier pour \u00a0\u00bbr\u00e9organiser le commerce au S\u00e9n\u00e9gal\u00a0\u00bb (diplomate) Diamniadio, 30 d\u00e9c (APS) &#8211; Le March\u00e9 d&rsquo;int\u00e9r\u00eat national (MIN) implant\u00e9 au c\u0153ur du p\u00f4le urbain de Diamniadio constitue un levier pour r\u00e9organiser le commerce au S\u00e9n\u00e9gal et faciliter les affaires, estime l&rsquo;ambassadeur du Maroc, Hassan Naciri. L&rsquo;ambassadeur du Royaume ch\u00e9rifien au [&hellip;]<\/p>\n","protected":false},"author":8,"featured_media":0,"comment_status":"open","ping_status":"open","sticky":false,"template":"","format":"standard","meta":{"_jetpack_newsletter_access":"","_jetpack_dont_email_post_to_subs":false,"_jetpack_newsletter_tier_id":0,"_jetpack_memberships_contains_paywalled_content":false,"_jetpack_memberships_contains_paid_content":false,"footnotes":""},"categories":[42],"tags":[1100],"class_list":["post-11502","post","type-post","status-publish","format-standard","hentry","category-economie","tag-min"],"jetpack_featured_media_url":"","jetpack_sharing_enabled":true,"_links":{"self":[{"href":"https:\/\/rp221.com\/index.php?rest_route=\/wp\/v2\/posts\/11502","targetHints":{"allow":["GET"]}}],"collection":[{"href":"https:\/\/rp221.com\/index.php?rest_route=\/wp\/v2\/posts"}],"about":[{"href":"https:\/\/rp221.com\/index.php?rest_route=\/wp\/v2\/types\/post"}],"author":[{"embeddable":true,"href":"https:\/\/rp221.com\/index.php?rest_route=\/wp\/v2\/users\/8"}],"replies":[{"embeddable":true,"href":"https:\/\/rp221.com\/index.php?rest_route=%2Fwp%2Fv2%2Fcomments&post=11502"}],"version-history":[{"count":0,"href":"https:\/\/rp221.com\/index.php?rest_route=\/wp\/v2\/posts\/11502\/revisions"}],"wp:attachment":[{"href":"https:\/\/rp221.com\/index.php?rest_route=%2Fwp%2Fv2%2Fmedia&parent=11502"}],"wp:term":[{"taxonomy":"category","embeddable":true,"href":"https:\/\/rp221.com\/index.php?rest_route=%2Fwp%2Fv2%2Fcategories&post=11502"},{"taxonomy":"post_tag","embeddable":true,"href":"https:\/\/rp221.com\/index.php?rest_route=%2Fwp%2Fv2%2Ftags&post=11502"}],"curies":[{"name":"wp","href":"https:\/\/api.w.org\/{rel}","templated":true}]}}