{"id":11413,"date":"2022-12-29T14:58:25","date_gmt":"2022-12-29T14:58:25","guid":{"rendered":"https:\/\/rp221.com\/?p=11413"},"modified":"2022-12-29T15:09:38","modified_gmt":"2022-12-29T15:09:38","slug":"cherte-du-cout-de-la-vie-des-mesurespas-dimpacts-reels","status":"publish","type":"post","link":"https:\/\/rp221.com\/?p=11413","title":{"rendered":"Chert\u00e9 du co\u00fbt de la vie : des mesures,pas d\u2019impacts r\u00e9els !"},"content":{"rendered":"\n<h3 class=\"red\"><strong><em>Chert\u00e9 du co\u00fbt de la vie : des mesures,pas d\u2019impacts r\u00e9els !<\/em><\/strong><\/h3>\n<strong><a href=\"https:\/\/www.sudquotidien.sn\" data-saferedirecturl=\"https:\/\/www.google.com\/url?hl=fr&amp;q=https:\/\/www.sudquotidien.sn&amp;source=gmail&amp;ust=1672405862962000&amp;usg=AOvVaw1Ug5_Hs6-5YcAXWNeJqQKi\">https:\/\/www.sudquotidien.sn<\/a> L\u2019ann\u00e9e 2022 a \u00e9t\u00e9 tr\u00e8s difficile pour les consommateurs avec un niveau d\u2019inflation record,\u00a0et pour les pouvoirs publics dans le cadre de leur arbitrage et surtout de leur pilotage \u00e0 vue qui ressemblerait tant\u00f4t \u00e0 du t\u00e2tonnement, analyse Mor Gassama, \u00e9conomiste et enseignant chercheur \u00e0 l\u2019Ucad\u00a0\u00a0<\/strong>\nLes s\u00e9n\u00e9galais ont v\u00e9cu une ann\u00e9e 2022 extr\u00eamement difficile \u00e0 tous les niveaux. \u00ab\u00a0Les cons\u00e9quences de la crise\u00a0covid-19 et le d\u00e9clenchement de la guerre Russo-ukrainienne n\u2019ont fait que compliquer davantage la situation de nos concitoyens sur le plan \u00e9conomique\u00a0\u00bb, fait savoir l\u2019\u00e9conomiste et enseignant chercheur \u00e0 l\u2019Universit\u00e9 Cheikh Anta Diop de Dakar (Ucad). Le S\u00e9n\u00e9gal \u00e0 l\u2019instar des autres pays du monde a connu une flamb\u00e9e des prix du p\u00e9trole et de ses produits d\u00e9riv\u00e9s ainsi que des denr\u00e9es alimentaires. Un taux d\u2019inflation pic de \u00ab\u00a011,4% a \u00e9t\u00e9 atteint au mois d\u2019Ao\u00fbt 2022\u00a0\u00bb, rel\u00e8ve l\u2019enseignant-chercheur. On estime \u00e0 environ \u00ab\u00a08% le taux d\u2019inflation moyen annuel pour une pr\u00e9vision en d\u00e9but d\u2019ann\u00e9e de 2 \u00e0 3%\u00a0\u00bb, analyse-t-il. En r\u00e9ponse \u00e0 cette situation fait-il savoir\u00a0 : \u00ab\u00a0Le gouvernement a tent\u00e9 de contenir cette hausse des prix en prenant certaines mesures consistant \u00e0 subventionner certaines denr\u00e9es en renon\u00e7ant \u00e0 des taxes de l\u2019ordre de 47 milliards de FCFA pour le bl\u00e9, 50 milliards pour le riz, l\u2019huile et le sucre\u00a0\u00bb. Ce, dans le courant du 1er semestre. Malgr\u00e9 tout, poursuit-il \u00ab\u00a0cela n\u2019a pas emp\u00each\u00e9 la hausse des prix de la baguette de pain en fin 2021 (voire d\u00e9but 2022)\u00a0\u00bb. Pour les autres denr\u00e9es malheureusement cela n\u2019a pas \u00e9t\u00e9 ressenti dans le panier de la m\u00e9nag\u00e8re. D\u2019autres mesures similaires ont \u00e9t\u00e9 prises par l\u2019\u00c9tat au courant du dernier trimestre suite \u00e0 la rencontre entre le pr\u00e9sident de la r\u00e9publique, les commer\u00e7ants et les associations consum\u00e9ristes. Quelques d\u00e9cisions fortes avaient \u00e9t\u00e9 prises sur la baisse des prix des denr\u00e9es alimentaires. A tout cela, dira-t-il\u00a0 : \u00ab\u00a0Les choses n\u2019ont pas beaucoup \u00e9volu\u00e9 \u00e0 ce niveau \u00e9tant donn\u00e9 que certains commer\u00e7ants notamment les d\u00e9taillants et demi grossistes ont cri\u00e9 au scandale et oppos\u00e9 un niet cat\u00e9gorique parce que logiquement ils ne peuvent pas vendre \u00e0 perte\u00a0\u00bb. De son analyse, il retient que le gouvernement a essay\u00e9 de mobiliser ses contr\u00f4leurs de prix sur le terrain et quelques commer\u00e7ants r\u00e9calcitrants ont \u00e9t\u00e9 sanctionn\u00e9s. Ici on constate simplement que la situation n\u2019\u00e9tait plus sous contr\u00f4le malgr\u00e9 la bonne volont\u00e9 des autorit\u00e9s gouvernementales.\nGlobalement, croit-il savoir \u00ab\u00a0le Fonds mon\u00e9taire international (Fmi) estime \u00e0 750 milliards de F CFA le montant de subventions de l\u2019\u00e9tat. On peut aussi rappeler les concertations puis la d\u00e9cision de l\u2019\u00e9tat de baisser les prix du loyer pour soulager les locataires. L\u00e0 aussi l\u2019application pose probl\u00e8me et on pense que \u00e7a pourrait engendrer beaucoup de diff\u00e9rends entre les bailleurs ou propri\u00e9taires\u00a0et leurs locataires. Il y a un pr\u00e9alable pour que de telles mesures deviennent efficaces\u00a0\u00bb.<strong>JEAN PIERRE MALOU<\/strong>\n","protected":false},"excerpt":{"rendered":"<p>Chert\u00e9 du co\u00fbt de la vie : des mesures,pas d\u2019impacts r\u00e9els ! https:\/\/www.sudquotidien.sn L\u2019ann\u00e9e 2022 a \u00e9t\u00e9 tr\u00e8s difficile pour les consommateurs avec un niveau d\u2019inflation record,\u00a0et pour les pouvoirs publics dans le cadre de leur arbitrage et surtout de leur pilotage \u00e0 vue qui ressemblerait tant\u00f4t \u00e0 du t\u00e2tonnement, analyse Mor Gassama, \u00e9conomiste et [&hellip;]<\/p>\n","protected":false},"author":8,"featured_media":0,"comment_status":"open","ping_status":"open","sticky":false,"template":"","format":"standard","meta":{"_jetpack_newsletter_access":"","_jetpack_dont_email_post_to_subs":false,"_jetpack_newsletter_tier_id":0,"_jetpack_memberships_contains_paywalled_content":false,"_jetpack_memberships_contains_paid_content":false,"footnotes":""},"categories":[42],"tags":[502],"class_list":["post-11413","post","type-post","status-publish","format-standard","hentry","category-economie","tag-cherte-de-la-vie"],"jetpack_featured_media_url":"","jetpack_sharing_enabled":true,"_links":{"self":[{"href":"https:\/\/rp221.com\/index.php?rest_route=\/wp\/v2\/posts\/11413","targetHints":{"allow":["GET"]}}],"collection":[{"href":"https:\/\/rp221.com\/index.php?rest_route=\/wp\/v2\/posts"}],"about":[{"href":"https:\/\/rp221.com\/index.php?rest_route=\/wp\/v2\/types\/post"}],"author":[{"embeddable":true,"href":"https:\/\/rp221.com\/index.php?rest_route=\/wp\/v2\/users\/8"}],"replies":[{"embeddable":true,"href":"https:\/\/rp221.com\/index.php?rest_route=%2Fwp%2Fv2%2Fcomments&post=11413"}],"version-history":[{"count":0,"href":"https:\/\/rp221.com\/index.php?rest_route=\/wp\/v2\/posts\/11413\/revisions"}],"wp:attachment":[{"href":"https:\/\/rp221.com\/index.php?rest_route=%2Fwp%2Fv2%2Fmedia&parent=11413"}],"wp:term":[{"taxonomy":"category","embeddable":true,"href":"https:\/\/rp221.com\/index.php?rest_route=%2Fwp%2Fv2%2Fcategories&post=11413"},{"taxonomy":"post_tag","embeddable":true,"href":"https:\/\/rp221.com\/index.php?rest_route=%2Fwp%2Fv2%2Ftags&post=11413"}],"curies":[{"name":"wp","href":"https:\/\/api.w.org\/{rel}","templated":true}]}}