{"id":11390,"date":"2022-12-29T14:45:35","date_gmt":"2022-12-29T14:45:35","guid":{"rendered":"https:\/\/rp221.com\/?p=11390"},"modified":"2022-12-29T14:46:08","modified_gmt":"2022-12-29T14:46:08","slug":"covigate-les-faits-sont-graves-les-epingles-doivent-etre-poursuivis-juge-deme","status":"publish","type":"post","link":"https:\/\/rp221.com\/?p=11390","title":{"rendered":"COVIGATE : \u00abLes faits sont graves, les \u00e9pingl\u00e9s doivent \u00eatre poursuivis\u00bb, Juge D\u00e8me"},"content":{"rendered":"\n<h3 class=\"red\"><strong><em>COVIGATE : \u00abLes faits sont graves, les \u00e9pingl\u00e9s doivent \u00eatre poursuivis\u00bb,Juge D\u00e8me<\/em><\/strong><\/h3>\n<strong><a href=\"https:\/\/senego.com\" data-saferedirecturl=\"https:\/\/www.google.com\/url?hl=fr&amp;q=https:\/\/senego.com&amp;source=gmail&amp;ust=1672405862963000&amp;usg=AOvVaw0jOO7Po2RLtU9R3JnT-fva\">https:\/\/senego.com<\/a> Le pr\u00e9sident de la cour des comptes va saisir le ministre de la justice sur le scandale des fonds force covid-19 et qui accablent des hautes autorit\u00e9s de la R\u00e9publique. Pour juge D\u00e8me, les r\u00e9v\u00e9lations sont extr\u00eamement graves et les auteurs doivent \u00eatre poursuivis .<\/strong>\nL\u2019Expert en droit p\u00e9nal, a appel\u00e9 les journalistes a \u00eatre vigilants, jusqu\u2019\u00e0 ce que la saisine du ministre de la justice sur le scandale des fonds de force covid-19<strong>\u00a0<\/strong>aboutisse sur la saisine du procureur qui doit \u00e9galement saisir le juge d\u2019instruction.\nD\u2019apr\u00e8s Ibrahima D\u00e8me, Pr\u00e9sident du parti ETIC, les faits sont extr\u00eamement graves et les pr\u00e9sum\u00e9s accus\u00e9s doivent \u00eatre poursuivis et le peuple inform\u00e9 en m\u00eame temps.\nSelon Juge D\u00e8me, la cour des comptes a fait un travail extraordinaire, en respectant le principe du contradictoire en donnant \u00e0 tous les accus\u00e9s l\u2019opportunit\u00e9 d\u2019apporter leurs r\u00e9ponses.\n<h4 class=\"blue\"><strong><em>Non!Messieurs les contr\u00f4leurs de la Cour des comptesPar Malick FALL<\/em><\/strong><\/h4>\nDepuis la publication du rapport d\u00e9finitif de la Cour des comptes sur la gestion du Fonds de riposte et de solidarit\u00e9 contre les effets du Covid-19, le d\u00e9bat est engag\u00e9 avec beaucoup de bruit et dans tous les sens, chacun y va avec sa propre appr\u00e9ciation.\nSur 179 pages, la Cour des comptes a pass\u00e9 en revue toutes les proc\u00e9dures et d\u00e9penses effectu\u00e9es \u00e0 partir de ce fonds pr\u00e9alablement fix\u00e9 \u00e0 1000 milliards. Le rapport a soulign\u00e9 \u00e9norm\u00e9ment de dysfonctionnements et de fautes de gestion commises pratiquement par toutes les structures impliqu\u00e9es. Apr\u00e8s une lecture attentive du texte, il nous revient, comme tout le monde d\u2019ail\u00adleurs, de donner notre point de vue en tant qu\u2019acteur, mais aussi en tant que citoyen contribuable.\nJe voudrais d\u2019abord f\u00e9liciter les fonctionnaires de la Cour des comptes de cet excellent et immense travail accompli qui, \u00e0 coup s\u00fbr, constituera un pas g\u00e9ant dans le cadre de la bonne gouvernance, malgr\u00e9 les quelques cas de recours \u00e0 la Justice de notre pays. Les recommandations formul\u00e9es par la Cour peuvent participer \u00e0 l\u2019\u00e9laboration d\u2019un br\u00e9viaire pour les Dage et les gestionnaires de derniers publics. L\u2019exploitation rationnelle du document a permis de classer les recommandations par structure. Ainsi, le minist\u00e8re des Finances et du budget et le minist\u00e8re de la Sant\u00e9 et de l\u2019action sociale ont \u00e9t\u00e9 largement cit\u00e9s, avec 16 recommandations pour le premier et 37 pour le second dont 6 demandes d\u2019ouverture d\u2019une information judiciaire concernant des tiers.\n<h4 class=\"blue\"><strong><em>A propos de la surfacturation \u00e9voqu\u00e9e par la Cour des comptes, les v\u00e9rificateurs sont pass\u00e9s \u00e0 c\u00f4t\u00e9 en se r\u00e9f\u00e9rant \u00e0 un arr\u00eat\u00e9 dat\u00e9 du 22 mai 2013, consid\u00e9r\u00e9 comme caduc au moment du contr\u00f4le.<\/em><\/strong><\/h4>\nL\u2019arr\u00eat\u00e9 n\u00b0007111 du 25 mai 2013 tel que la Cour l\u2019a cit\u00e9, constitue la situation de r\u00e9f\u00e9rence \u00e0 partir de laquelle cette m\u00eame Cour a not\u00e9 que le Dage du mi\u00adnist\u00e8re du D\u00e9veloppe\u00adment com\u00admunautaire, de l\u2019\u00e9quit\u00e9 sociale et territoriale a proc\u00e9d\u00e9 \u00e0 des surfacturations sur le riz et la manutention.\nA la page 100 du document, l\u2019arr\u00eat\u00e9 en question proposait le litre d\u2019huile en f\u00fbt \u00e0 850 F et la tonne de riz bris\u00e9 non parfum\u00e9 \u00e0 245 000 F, soit 245 F le kg. Par la m\u00eame occasion, les contr\u00f4leurs de la Cour ont fix\u00e9 \u00e0 5000 F le co\u00fbt de la manutention d\u2019une tonne de riz sans donner la r\u00e9f\u00e9rence. En additionnant les deux valeurs, la Cour estime que le co\u00fbt de la tonne, y compris la manutention, est de 250 000 F. Quelle erreur Messieurs les juges !\nQuand on sait que le prix du riz est dans une courbe ascendante, je me demande pourquoi les contr\u00f4leurs de la Cour ont choisi un arr\u00eat\u00e9 dat\u00e9 du 25 mai 2013 (22.05.2013.007111) sign\u00e9 par le ministre du Commerce, de l\u2019industrie et du secteur informel. Pourtant, le minist\u00e8re du Com\u00admerce pr\u00e9l\u00e8ve r\u00e9guli\u00e8rement les prix des denr\u00e9es. C\u2019est pour cette raison que le Mdcest s\u2019est dot\u00e9 d\u2019un document retra\u00e7ant les prix des denr\u00e9es dont les contr\u00f4leurs auraient pu v\u00e9rifier l\u2019existence.\nDans sa r\u00e9ponse aux interpellations des contr\u00f4leurs, Mmon\u00adsieur Aliou Sow, Dage du Mdcest au moment des faits, a indiqu\u00e9 : \u00able ministre du D\u00e9veloppement communautaire et de l\u2019\u00e9quit\u00e9 sociale et territoriale avait remis au pr\u00e9sident de la Commission des march\u00e9s, un tableau produit par le ministre charg\u00e9 du Com\u00admerce qui retra\u00e7ait les prix des denr\u00e9es. Dans ce tableau, le prix de la tonne de riz bris\u00e9 non parfum\u00e9 est affich\u00e9 \u00e0 275 000 F Cfa et toutes les entreprises s\u00e9lectionn\u00e9es pour l\u2019acquisition de riz avait propos\u00e9 le m\u00eame prix.\u00bb\n<h4 class=\"blue\"><strong><em>La Cour a donc rejet\u00e9 ce document \u00e9labor\u00e9 en temps r\u00e9el pour aller se r\u00e9f\u00e9rer \u00e0 un arr\u00eat\u00e9 de mai 2013.<\/em><\/strong><\/h4>\nPar ailleurs, dans le bulletin mensuel d\u2019information sur les march\u00e9s agricoles du S\u00e9n\u00e9gal, paru au mois de d\u00e9cembre 2019 sous le num\u00e9ro 381, il est indiqu\u00e9 : \u00abLes prix moyens r\u00e9gionaux par kg du riz import\u00e9 bris\u00e9 non parfum\u00e9 ont oscill\u00e9 dans la fourchette [280-325] F, soit un prix moyen de 300 F.\u00bb Concernant le co\u00fbt de la manutention, nos contr\u00f4leurs ignorent que ce prix doit \u00eatre multipli\u00e9 par quatre (deux chargements et deux d\u00e9\u00adchar\u00adgements). Si le premier est pay\u00e9 par le fournisseur, les trois autres sont \u00e0 la charge du minist\u00e8re.\nAvec tout le respect que nous devons \u00e0 la Cour et aux hauts fonctionnaires qui y travaillent nuit et jour pour produire d\u2019excellents r\u00e9sultats sur le contr\u00f4le de la destination de nos deniers, nous estimons qu\u2019il y a beaucoup \u00e0 dire sur le montant de la surfacturation. Pendant la p\u00e9riode de l\u2019acquisition du riz, le co\u00fbt du kg du riz bris\u00e9 import\u00e9 non parfum\u00e9 oscillait entre 280 et 325 F selon la qualit\u00e9 et la zone de vente du produit. A l\u2019absence d\u2019un prix homologu\u00e9 et impos\u00e9 aux fournisseurs par l\u2019Etat, tout prix inf\u00e9rieur \u00e0 280 F ne doit pas \u00eatre consid\u00e9r\u00e9 comme surfactur\u00e9. Dans le tableau de l\u2019arr\u00eat\u00e9 n\u00b022.05.2013.007111 sign\u00e9 par le ministre du Commerce, de l\u2019industrie et du secteur informel, il apparait que l\u2019\u00e9cart entre 245 F, prix du kg au fournisseur, et 260, prix au d\u00e9taillant, est de 15 F. Cette diff\u00e9rence, lorsqu\u2019elle est appliqu\u00e9e aux prix de d\u00e9cembre 2019, le prix au fournisseur varierait entre 265 et 310 F. Ainsi, il est impossible d\u2019appliquer une surfacturation de 25 F au kg. La Cour, sans une situation de r\u00e9f\u00e9rence officielle, aurait d\u00fb se contenter des \u00e9l\u00e9ments fournis par le Csa et le ministre du Commerce.\nMaintenant, il est important, tr\u00e8s important m\u00eame, de revenir sur la distribution des denr\u00e9es alimentaires et les crit\u00e8res mis en place par le comit\u00e9 avec \u00e0 sa t\u00eate le ministre du Dcest, Monsieur Mansour Faye.\n<h4 class=\"blue\"><strong><em>En application d\u2019une directive de Monsieur le pr\u00e9sident de la R\u00e9publique, le ministre Mansour Faye avait fix\u00e9 deux principaux objectifs : <\/em><\/strong><\/h4>\nR\u00e9aliser l\u2019op\u00e9ration dans un temps tr\u00e8s court et avant la saison des pluies, tout en satisfaisant les exigences de la pand\u00e9mie ;\nDistribuer des denr\u00e9es de qualit\u00e9 sans aucun reproche de la part des b\u00e9n\u00e9ficiaires.\nA travers l\u2019op\u00e9ration de distribution, les agents impliqu\u00e9s doivent s\u2019estimer heureux d\u2019avoir offert aux m\u00e9nages du riz de qualit\u00e9, dans la mesure o\u00f9 aucune r\u00e9clamation sur ce point n\u2019a \u00e9t\u00e9 enregistr\u00e9e. Dans une telle op\u00e9ration, des op\u00e9rateurs v\u00e9reux essaient toujours de faire \u00e9vacuer les stocks de qualit\u00e9 douteuse ; ce qui n\u2019a pas \u00e9t\u00e9 possible avec cette op\u00e9ration.\nC\u2019est pour toutes ces raisons que j\u2019ai \u00e9crit sur ma page Facebook que les S\u00e9n\u00e9galais devraient f\u00e9liciter le ministre Mansour Faye et l\u2019\u00e9quipe qui l\u2019a accompagn\u00e9 dans cet exercice.\nQuant \u00e0 la Cour, je pense que les v\u00e9rificateurs doivent revoir leur copie dans la mesure o\u00f9 la borne inf\u00e9rieure \u00e0 partir de laquelle le montant de la surfacturation est d\u00e9termin\u00e9 se trouve \u00eatre erron\u00e9e.\n","protected":false},"excerpt":{"rendered":"<p>COVIGATE : \u00abLes faits sont graves, les \u00e9pingl\u00e9s doivent \u00eatre poursuivis\u00bb,Juge D\u00e8me https:\/\/senego.com Le pr\u00e9sident de la cour des comptes va saisir le ministre de la justice sur le scandale des fonds force covid-19 et qui accablent des hautes autorit\u00e9s de la R\u00e9publique. Pour juge D\u00e8me, les r\u00e9v\u00e9lations sont extr\u00eamement graves et les auteurs doivent [&hellip;]<\/p>\n","protected":false},"author":8,"featured_media":0,"comment_status":"open","ping_status":"open","sticky":false,"template":"","format":"standard","meta":{"_jetpack_newsletter_access":"","_jetpack_dont_email_post_to_subs":false,"_jetpack_newsletter_tier_id":0,"_jetpack_memberships_contains_paywalled_content":false,"_jetpack_memberships_contains_paid_content":false,"footnotes":""},"categories":[42],"tags":[1085,1086],"class_list":["post-11390","post","type-post","status-publish","format-standard","hentry","category-economie","tag-covigate","tag-ibrahima-deme"],"jetpack_featured_media_url":"","jetpack_sharing_enabled":true,"_links":{"self":[{"href":"https:\/\/rp221.com\/index.php?rest_route=\/wp\/v2\/posts\/11390","targetHints":{"allow":["GET"]}}],"collection":[{"href":"https:\/\/rp221.com\/index.php?rest_route=\/wp\/v2\/posts"}],"about":[{"href":"https:\/\/rp221.com\/index.php?rest_route=\/wp\/v2\/types\/post"}],"author":[{"embeddable":true,"href":"https:\/\/rp221.com\/index.php?rest_route=\/wp\/v2\/users\/8"}],"replies":[{"embeddable":true,"href":"https:\/\/rp221.com\/index.php?rest_route=%2Fwp%2Fv2%2Fcomments&post=11390"}],"version-history":[{"count":0,"href":"https:\/\/rp221.com\/index.php?rest_route=\/wp\/v2\/posts\/11390\/revisions"}],"wp:attachment":[{"href":"https:\/\/rp221.com\/index.php?rest_route=%2Fwp%2Fv2%2Fmedia&parent=11390"}],"wp:term":[{"taxonomy":"category","embeddable":true,"href":"https:\/\/rp221.com\/index.php?rest_route=%2Fwp%2Fv2%2Fcategories&post=11390"},{"taxonomy":"post_tag","embeddable":true,"href":"https:\/\/rp221.com\/index.php?rest_route=%2Fwp%2Fv2%2Ftags&post=11390"}],"curies":[{"name":"wp","href":"https:\/\/api.w.org\/{rel}","templated":true}]}}