{"id":11282,"date":"2022-12-28T18:54:50","date_gmt":"2022-12-28T18:54:50","guid":{"rendered":"https:\/\/rp221.com\/?p=11282"},"modified":"2022-12-28T20:00:58","modified_gmt":"2022-12-28T20:00:58","slug":"perturbations-dans-le-secteur-de-la-sante-lintersyndicale-des-travailleurs-des-collectivites-territoriales-et-and-gueusseum-annoncent-leur-8eme-plan-dactions","status":"publish","type":"post","link":"https:\/\/rp221.com\/?p=11282","title":{"rendered":"Perturbations dans le secteur de la sant\u00e9 : l\u2019intersyndicale des travailleurs des collectivit\u00e9s territoriales et And Gueusseum annoncent leur 8\u00e8me plan d\u2019actions"},"content":{"rendered":"\n<h3 class=\"red\"><strong><em>Perturbations dans le secteur de la sant\u00e9 : l\u2019intersyndicale des travailleurs des collectivit\u00e9s territoriales et And Gueusseum annoncent leur 8\u00e8me plan d\u2019actions<\/em><\/strong><\/h3>\n<a href=\"https:\/\/www.sudquotidien.sn\" data-saferedirecturl=\"https:\/\/www.google.com\/url?hl=fr&amp;q=https:\/\/www.sudquotidien.sn&amp;source=gmail&amp;ust=1672323689522000&amp;usg=AOvVaw2SGPNOmewof8eiA7W7C2KF\">https:\/\/www.sudquotidien.sn<\/a> Les perturbations ne s\u2019arr\u00eatent pas dans le secteur de la sant\u00e9. La m\u00e9ga coalition ISTCT (Intersyndicale des travailleurs des collectivit\u00e9s territoriales du S\u00e9n\u00e9gal)-And Gueusseum annonce une gr\u00e8ve de 72 heures, les mardi 10 et jeudi 12 janvier 2023, avec\u00a0<em>\u00abrespect des urgences et du service minimum\u00bb.<\/em>\u00a0Pour ce huiti\u00e8me (8<sup>\u00e8me<\/sup>) plan d\u2019actions, les syndicalistes comptent \u00e9galement\u00a0<em>\u00abpoursuivre la r\u00e9tention des informations sanitaires et sociales, le boycott des activit\u00e9s de formation, de supervision et des r\u00e9unions de coordination, le boycott de tous les programmes \u00e0 l\u2019exception du PEV (Programme \u00e9largi de vaccination, ndlr)\u00bb\u00a0<\/em>Et une \u00e9valuation sera faite le samedi 14 janvier 2023.\n<em>\u00ab\u00c9valuant le 7<sup>\u00e8me<\/sup>\u00a0plan d\u2019actions de la m\u00e9ga coalition\u00a0Intersyndicale des Travailleurs des Collectivit\u00e9s Territoriales \u2013 And Gueusseum, ce vendredi 23 d\u00e9cembre 2022, au si\u00e8ge social de la FGTS, le Directoire national f\u00e9licite les camarades pour la\u00a0r\u00e9ussite de l\u2019application des mots d\u2019ordre, malgr\u00e9 certains comportements et d\u00e9clarations d\u00e9plorables relatifs \u00e0 une mauvaise interpr\u00e9tation des \u00e9l\u00e9ments du contexte vaccinal salvateur des maladies tropicales n\u00e9glig\u00e9es (MTN) auquel l\u2019histoire convie les pr\u00e9curseurs et chantres de l\u2019Action sociale pr\u00e9ventive que nous sommes\u00bb,<\/em>\u00a0rapporte un communiqu\u00e9 rendu public.\nLa m\u00eame source d\u2019ajouter\u00a0:\u00a0<em>\u00abLes 72h des 14, 15 et 16 d\u00e9cembre de l\u2019ISTCTS jumel\u00e9es avec les 48h des 15 et 16 d\u00e9cembre de l\u2019ASAS And Gueusseum dudit Plan d\u2019actions ont fait bouger les lignes dans l\u2019acc\u00e9l\u00e9ration des processus administratifs internes avec de nombreux et nouveaux jalons pos\u00e9s par les tutelles administratives, techniques et financi\u00e8res et la m\u00e9ga coalition salue le d\u00e9marrage effectif du recensement des agents des collectivit\u00e9s territoriales et exige le respect du d\u00e9lai d\u2019un (01) mois fix\u00e9 par le Chef de l\u2019Etat pour finaliser ce travail\u00bb<\/em>. Toutefois, \u00e0 en croire les syndicalistes,\u00a0<em>\u00abconsid\u00e9rant ces avanc\u00e9es significatives non encore sanctionn\u00e9es par des actes concrets, And Gueusseum dans sa logique revendicative pour la justice et l\u2019\u00e9quit\u00e9 dans le traitement salarial des travailleurs poursuit le combat par un 8<sup>\u00e8me<\/sup>\u00a0plan d\u2019actions\u00bb<\/em>.\nLa m\u00e9ga coalition d\u00e9plore, par ailleurs, les manquements relev\u00e9s par la Cour des comptes, en ce qui concerne la gestion des Fonds\u00a0<em>\u00abForce Covid-19\u00bb. \u00abLa m\u00e9ga coalition exige que la lumi\u00e8re soit faite et les mesures idoines prises pour que pareille situation ne se reproduise car, n\u2019est-il pas scandaleux, avec 1000 milliards mobilis\u00e9s par le Chef de l\u2019Etat, qu\u2019on ne soit pas arriv\u00e9 \u00e0 remettre sur pied notre syst\u00e8me sanitaire et social et motiver d\u00e9cemment ce courageux personnel qui a hiss\u00e9 le S\u00e9n\u00e9gal sur le toit de l\u2019Afrique avec une place honorable par les r\u00e9sultats enregistr\u00e9s dans la maitrise et le contr\u00f4le de la Covid malgr\u00e9 tous les impairs enregistr\u00e9s\u00bb,<\/em>\u00a0a d\u00e9clar\u00e9 la m\u00e9ga coalition.\nElle n\u2019a pas manqu\u00e9 de\u00a0<em>\u00abfustiger les ponctions anarchiques de salaire dans une tentative d\u00e9sesp\u00e9r\u00e9e de d\u00e9tourner l\u2019attention des camarades, ce qui prouve \u00e0 suffisance le louvoiement du Gouvernement plus soucieux \u00e0 regarder ailleurs que de r\u00e9gler cette situation n\u00e9e de sa seule et unique volont\u00e9 pour soulager les souffrances des populations et appelle \u00e0 plus de d\u00e9termination pour le triomphe de la justice et de l\u2019\u00e9quit\u00e9 dans le traitement salarial des agents\u00bb<\/em>.<strong>Mariame DJIGO<\/strong>\n","protected":false},"excerpt":{"rendered":"<p>Perturbations dans le secteur de la sant\u00e9 : l\u2019intersyndicale des travailleurs des collectivit\u00e9s territoriales et And Gueusseum annoncent leur 8\u00e8me plan d\u2019actions https:\/\/www.sudquotidien.sn Les perturbations ne s\u2019arr\u00eatent pas dans le secteur de la sant\u00e9. La m\u00e9ga coalition ISTCT (Intersyndicale des travailleurs des collectivit\u00e9s territoriales du S\u00e9n\u00e9gal)-And Gueusseum annonce une gr\u00e8ve de 72 heures, les mardi [&hellip;]<\/p>\n","protected":false},"author":8,"featured_media":0,"comment_status":"open","ping_status":"open","sticky":false,"template":"","format":"standard","meta":{"_jetpack_newsletter_access":"","_jetpack_dont_email_post_to_subs":false,"_jetpack_newsletter_tier_id":0,"_jetpack_memberships_contains_paywalled_content":false,"_jetpack_memberships_contains_paid_content":false,"footnotes":""},"categories":[43],"tags":[259,483],"class_list":["post-11282","post","type-post","status-publish","format-standard","hentry","category-social","tag-and-gueusseum","tag-sante"],"jetpack_featured_media_url":"","jetpack_sharing_enabled":true,"_links":{"self":[{"href":"https:\/\/rp221.com\/index.php?rest_route=\/wp\/v2\/posts\/11282","targetHints":{"allow":["GET"]}}],"collection":[{"href":"https:\/\/rp221.com\/index.php?rest_route=\/wp\/v2\/posts"}],"about":[{"href":"https:\/\/rp221.com\/index.php?rest_route=\/wp\/v2\/types\/post"}],"author":[{"embeddable":true,"href":"https:\/\/rp221.com\/index.php?rest_route=\/wp\/v2\/users\/8"}],"replies":[{"embeddable":true,"href":"https:\/\/rp221.com\/index.php?rest_route=%2Fwp%2Fv2%2Fcomments&post=11282"}],"version-history":[{"count":0,"href":"https:\/\/rp221.com\/index.php?rest_route=\/wp\/v2\/posts\/11282\/revisions"}],"wp:attachment":[{"href":"https:\/\/rp221.com\/index.php?rest_route=%2Fwp%2Fv2%2Fmedia&parent=11282"}],"wp:term":[{"taxonomy":"category","embeddable":true,"href":"https:\/\/rp221.com\/index.php?rest_route=%2Fwp%2Fv2%2Fcategories&post=11282"},{"taxonomy":"post_tag","embeddable":true,"href":"https:\/\/rp221.com\/index.php?rest_route=%2Fwp%2Fv2%2Ftags&post=11282"}],"curies":[{"name":"wp","href":"https:\/\/api.w.org\/{rel}","templated":true}]}}