{"id":11280,"date":"2022-12-28T18:17:54","date_gmt":"2022-12-28T18:17:54","guid":{"rendered":"https:\/\/rp221.com\/?p=11280"},"modified":"2022-12-28T20:00:57","modified_gmt":"2022-12-28T20:00:57","slug":"abdoulaye-sylla-dg-ecotra-les-barrieres-a-lentree-imposees-par-les-multinationales-etrangeres-ne-permettent-pas-leclosion-dun-secteur-prive-senegalais-prospere","status":"publish","type":"post","link":"https:\/\/rp221.com\/?p=11280","title":{"rendered":"ABDOULAYE SYLLA (Dg Ecotra) : \u00abLes barri\u00e8res \u00e0 l\u2019entr\u00e9e impos\u00e9es par les multinationales \u00e9trang\u00e8res ne permettent pas l\u2019\u00e9closion d\u2019un secteur priv\u00e9 s\u00e9n\u00e9galais prosp\u00e8re!\u00bb"},"content":{"rendered":"\n<h3 class=\"red\"><strong><em>ABDOULAYE SYLLA (Dg Ecotra) : \u00abLes barri\u00e8res \u00e0 l\u2019entr\u00e9e impos\u00e9es par les multinationales \u00e9trang\u00e8res ne permettent pas l\u2019\u00e9closion d\u2019un secteur priv\u00e9 s\u00e9n\u00e9galais prosp\u00e8re!\u00bb<\/em><\/strong><\/h3>\n<a href=\"https:\/\/www.dakaractu.com\" data-saferedirecturl=\"https:\/\/www.google.com\/url?hl=fr&amp;q=https:\/\/www.dakaractu.com&amp;source=gmail&amp;ust=1672323689522000&amp;usg=AOvVaw1KOyoUEVoHXwBe5RIC-ylL\">https:\/\/www.dakaractu.com<\/a> Abdoulaye Sylla, Dg de Ecotra, ne compte pas l\u00e2cher le combat pour la revigoration des entreprises nationales, g\u00e9n\u00e9ralement laiss\u00e9es en rade dans l\u2019octroi des march\u00e9s et \u00e0 travers le non respect du contenu local. L\u2019homme d\u2019affaires et Pr\u00e9sident du \u00ab Club 50% de Pr\u00e9f\u00e9rence Nationale \u00bb, qui a\u00a0fait parvenir son manifeste \u00e0 Dakaractu, signale que la marche de notre pays vers la r\u00e9alisation de ses grandes ambitions, avec le souci de tenir sa place dans un monde en pleine mutation, est plus que jamais rythm\u00e9 par la globalisation des enjeux \u00e9conomiques, rend urgent la construction d\u2019un dynamique et puissant secteur priv\u00e9 national.\n\u00ab Rassembler des forces \u00e9parses, mettre en synergie des volont\u00e9s et des aspirations pour construire et consolider notre patriotisme \u00e9conomique afin d\u2019en faire un des leviers de l\u2019\u00e9mergence \u00e9conomique et social du S\u00e9n\u00e9gal nouveau que nous appelons de tous nos v\u0153ux. C\u2019est dans cette volont\u00e9 de faire du secteur priv\u00e9 national le socle et le fer de lance d\u2019un S\u00e9n\u00e9gal \u00e9mergent que des entrepreneurs s\u00e9n\u00e9galais ont mis en place le Club 50% de pr\u00e9f\u00e9rence nationale, \u00ab C 50% PN \u00bb, en vue de veiller au respect du m\u00e9canisme adopt\u00e9 par les autorit\u00e9s en mati\u00e8re de \u00ab local content \u00bb. Ce club, espace de r\u00e9flexion, de partage et de dialogue entre entreprises cr\u00e9dibles, saines et soucieuses de l\u2019int\u00e9r\u00eat national, envisage aussi d\u2019accompagner les autorit\u00e9s publiques dans le processus de prise de d\u00e9cision au service de l\u2019int\u00e9r\u00eat national. \u00bb\nAbdoulaye Sylla de signaler que toutes les initiatives patronales locales, bien que salutaires, font face \u00e0 des limites objectives. \u00ab Il convient d\u2019aller plus loin par l\u2019ouverture de concertation avec toutes les parties prenantes en vue d\u2019adopter des m\u00e9canismes ad\u00e9quats et fermes pour contraindre au respect de la pr\u00e9f\u00e9rence nationale \u00e0 l\u2019instar de ce qui se fait dans quelques pays africains \u00e9mergents. Les ressources publiques mobilis\u00e9es par l\u2019\u00c9tat du S\u00e9n\u00e9gal financent des infrastructures qui sont souvent r\u00e9alis\u00e9es par des entreprises \u00e9trang\u00e8res qui, dans l\u2019ex\u00e9cution des march\u00e9s, contournent les dispositifs l\u00e9gaux en mati\u00e8re de \u00ab local content \u00bb et pratiquent la sous-traitance de t\u00e2ches unitaires au profit des entreprises locales \u00bb.\n<h4 class=\"blue\"><strong><em>Il poursuit.<\/em><\/strong><\/h4>\n\u00ab Or l\u2019\u00e9tat d\u2019esprit de la loi portant sur la pr\u00e9f\u00e9rence nationale est de conc\u00e9der des segments importants des march\u00e9s aux entreprises s\u00e9n\u00e9galaises afin de permettre leur mont\u00e9e en comp\u00e9tence et en valeur.\nDans le contexte actuel, malgr\u00e9 les efforts de l\u2019\u00c9tat et le dynamisme des entreprises nationales, il est impossible de b\u00e2tir une \u00e9conomie solide, r\u00e9siliente aux divers chocs. Les barri\u00e8res \u00e0 l\u2019entr\u00e9e impos\u00e9es par les multinationales \u00e9trang\u00e8res ne permettent pas l\u2019\u00e9closion d\u2019un secteur priv\u00e9 s\u00e9n\u00e9galais prosp\u00e8re et pourvoyeur d\u2019emplois et de transformation \u00e9conomique \u00bb.\nLe \u00ab C 50% PN \u00bb, selon lui, part d\u2019un constat. \u00ab Le S\u00e9n\u00e9gal b\u00e9n\u00e9fice d\u2019une excellente r\u00e9putation aupr\u00e8s des partenaires bilat\u00e9raux et multilat\u00e9raux. Notre pays dispose \u00e9galement d\u2019une signature cr\u00e9dible sur le march\u00e9 international. Ceci au regard de sa stabilit\u00e9 et de son ancrage dans la mondialisation et au respect de ses engagements internationaux. Aussi, le S\u00e9n\u00e9gal demeure ouvert \u00e0 l\u2019investissement priv\u00e9 local et international. En somme, nous sommes un pays attractif et \u00e0 ce sujet, nous accueillons un volume de fonds massifs de diverses sources. Il s\u2019y ajoute que notre pays a lanc\u00e9 une ambition vers l\u2019\u00e9mergence bas\u00e9e dans une large part dans l\u2019investissement priv\u00e9. Une partie des fonds allou\u00e9s au S\u00e9n\u00e9gal le sont dans le cadre de la dette que les S\u00e9n\u00e9galais ont \u00e0 rembourser sur plusieurs g\u00e9n\u00e9rations \u00bb.\nAbdoulaye Sylla de confier, pour conclure, qu\u2019il faudra d\u00e9sormais aller dans le sens \u00ab d\u2019asseoir les bases d\u2019une \u00e9conomie dont la locomotive sera le secteur priv\u00e9 s\u00e9n\u00e9galais. Il convient de le rendre fort et comp\u00e9titif par la valeur ajout\u00e9e et l\u2019acc\u00e8s sans contrainte aux march\u00e9s publics.\nNous sommes un pays ouvert sur le monde, et \u00e0 ce titre, nous acceptons les r\u00e8gles communautaires et internationales de concurrence. Mais l\u2019objectif du Club \u00ab C 50% PN \u00bb est de placer l\u2019entreprises s\u00e9n\u00e9galaise au c\u0153ur de l\u2019\u00e9conomie nationale. Il s\u2019agit de travailler \u00e0 la cr\u00e9ation de champions nationaux qui rel\u00e8vent le d\u00e9fi de l\u2019\u00e9mergence par la croissance, l\u2019emploi et l\u2019inclusion sociale \u00bb.\n","protected":false},"excerpt":{"rendered":"<p>ABDOULAYE SYLLA (Dg Ecotra) : \u00abLes barri\u00e8res \u00e0 l\u2019entr\u00e9e impos\u00e9es par les multinationales \u00e9trang\u00e8res ne permettent pas l\u2019\u00e9closion d\u2019un secteur priv\u00e9 s\u00e9n\u00e9galais prosp\u00e8re!\u00bb https:\/\/www.dakaractu.com Abdoulaye Sylla, Dg de Ecotra, ne compte pas l\u00e2cher le combat pour la revigoration des entreprises nationales, g\u00e9n\u00e9ralement laiss\u00e9es en rade dans l\u2019octroi des march\u00e9s et \u00e0 travers le non respect [&hellip;]<\/p>\n","protected":false},"author":8,"featured_media":0,"comment_status":"open","ping_status":"open","sticky":false,"template":"","format":"standard","meta":{"_jetpack_newsletter_access":"","_jetpack_dont_email_post_to_subs":false,"_jetpack_newsletter_tier_id":0,"_jetpack_memberships_contains_paywalled_content":false,"_jetpack_memberships_contains_paid_content":false,"footnotes":""},"categories":[42],"tags":[967,966,261],"class_list":["post-11280","post","type-post","status-publish","format-standard","hentry","category-economie","tag-abdoulaye-sylla","tag-ecotra","tag-secteur-prive"],"jetpack_featured_media_url":"","jetpack_sharing_enabled":true,"_links":{"self":[{"href":"https:\/\/rp221.com\/index.php?rest_route=\/wp\/v2\/posts\/11280","targetHints":{"allow":["GET"]}}],"collection":[{"href":"https:\/\/rp221.com\/index.php?rest_route=\/wp\/v2\/posts"}],"about":[{"href":"https:\/\/rp221.com\/index.php?rest_route=\/wp\/v2\/types\/post"}],"author":[{"embeddable":true,"href":"https:\/\/rp221.com\/index.php?rest_route=\/wp\/v2\/users\/8"}],"replies":[{"embeddable":true,"href":"https:\/\/rp221.com\/index.php?rest_route=%2Fwp%2Fv2%2Fcomments&post=11280"}],"version-history":[{"count":0,"href":"https:\/\/rp221.com\/index.php?rest_route=\/wp\/v2\/posts\/11280\/revisions"}],"wp:attachment":[{"href":"https:\/\/rp221.com\/index.php?rest_route=%2Fwp%2Fv2%2Fmedia&parent=11280"}],"wp:term":[{"taxonomy":"category","embeddable":true,"href":"https:\/\/rp221.com\/index.php?rest_route=%2Fwp%2Fv2%2Fcategories&post=11280"},{"taxonomy":"post_tag","embeddable":true,"href":"https:\/\/rp221.com\/index.php?rest_route=%2Fwp%2Fv2%2Ftags&post=11280"}],"curies":[{"name":"wp","href":"https:\/\/api.w.org\/{rel}","templated":true}]}}