{"id":11253,"date":"2022-12-28T18:01:05","date_gmt":"2022-12-28T18:01:05","guid":{"rendered":"https:\/\/rp221.com\/?p=11253"},"modified":"2022-12-28T18:05:10","modified_gmt":"2022-12-28T18:05:10","slug":"rapport-cour-des-comptes-troisieme-mandat-les-actions-que-compte-mener-sonko","status":"publish","type":"post","link":"https:\/\/rp221.com\/?p=11253","title":{"rendered":"RAPPORT COUR DES COMPTES, TROISI\u00c8ME MANDAT : Les actions que compte mener Sonko"},"content":{"rendered":"\n<h3 class=\"red\"><strong><em>RAPPORT COUR DES COMPTES, TROISI\u00c8ME MANDAT : Les actions que compte mener Sonko<\/strong><\/em>\nLe leader du Pastef, Ousmane Sonko, invite les S\u00e9n\u00e9galais \u00e0 prendre massivement part \u00e0 la manifestation de la soci\u00e9t\u00e9 civile, le 30 d\u00e9cembre prochain. Le lendemain, il leur demande d\u2019animer un concert de casseroles et annonce un rassemblement le 6 janvier 2023. Toutes ces actions visent \u00e0 protester contre les abus du r\u00e9gime actuel.\nLe rapport de la Cour des Comptes sur le Fonds Force-Covid-19 fait encore couler de la salive. Hier, c\u2019\u00e9tait au tour du leader du Pastef, Ousmane Sonko, de monter au cr\u00e9neau. Il a rappel\u00e9, dans une vid\u00e9o d\u2019une vingtaine de minutes, les circonstances du d\u00e9caissement et de l\u2019utilisation de cet argent, 1 000 milliards F CFA, qui n\u2019a r\u00e9pondu \u00e0 aucune proc\u00e9dure r\u00e9glementaire. Entre surfacturations, non-respect des proc\u00e9dures, d\u00e9penses n\u2019ayant aucun rapport avec la Covid-19 et d\u00e9faut de pi\u00e8ces justificatives, les autorit\u00e9s ont us\u00e9 et abus\u00e9 des 1 000 milliards F CFA mis \u00e0 leur disposition. Il est regrettable, souligne Ousmane Sonko, que tous les neuf minist\u00e8res ayant re\u00e7u de l\u2019argent soient impliqu\u00e9s dans ce scandale.\nCependant, a-t-il soulign\u00e9, il avait, apr\u00e8s sa rencontre avec le pr\u00e9sident de la R\u00e9publique Macky Sall, attir\u00e9 l\u2019attention sur ce qui est arriv\u00e9 aujourd\u2019hui. Ce qui lui fait dire que ses craintes \u00e9taient fond\u00e9es. \u2018\u2019L\u2019histoire m\u2019a donn\u00e9 raison. Je voyais venir toutes les remarques et insuffisances soulign\u00e9es par la Cour des Comptes\u2019\u2019, a-t-il d\u00e9clar\u00e9.\nCes faits ne sont pas nouveaux. Beaucoup de rapports des organes de contr\u00f4le dorment sur la table du procureur. D\u2019apr\u00e8s Ousmane Sonko, le pr\u00e9sident de la R\u00e9publique est le seul responsable de tout ce qui arrive. C\u2019est lui qui prot\u00e8ge les \u2018\u2019voleurs\u2019\u2019, a-t-il dit.\nLes assurances apport\u00e9es par le ministre des Finances, lors d\u2019une conf\u00e9rence de presse tenue en fin de semaine derni\u00e8re, ne le convainquent gu\u00e8re. \u2018\u2019Le ministre a d\u00e9clar\u00e9 que le rapport sera envoy\u00e9 au chancelier, le ministre de la Justice. Mais on sait que rien ne sera fait, parce que nombreux sont les rapports qui ont \u00e9t\u00e9 soumis au chancelier qui n\u2019a rien fait. Si aujourd\u2019hui, ils d\u00e9cident de s\u00e9vir, ce sont les seconds couteaux qui seront sanctionn\u00e9s\u2019\u2019, a dit M. Sonko.\nPour lui, aujourd\u2019hui, il faut que les S\u00e9n\u00e9galais prennent leur destin en main. Il faut qu\u2019ils exigent des sanctions exemplaires. Dans ce cadre, il a invit\u00e9 tout le peuple, o\u00f9 qu\u2019il puisse \u00eatre, \u00e0 se joindre \u00e0 la manifestation pr\u00e9vue par la soci\u00e9t\u00e9 civile. Ce sera le 30 d\u00e9cembre prochain et c\u2019est pour exiger que justice soit faite, apr\u00e8s la publication du rapport de la Cour des Comptes. \u2018\u2019Il faut une grande mobilisation pour donner un signal fort \u00e0 Macky Sall et son gouvernement\u2019\u2019, d\u2019apr\u00e8s le leader du Pastef.\nLe lendemain, il invite tous les S\u00e9n\u00e9galais \u00e0 un concert de casseroles, de 20 h \u00e0 20 h 30 mn. \u2018\u2019C\u2019est une importante communication qui peut porter ses fruits. Certains, parce qu\u2019on a choisi le 31 d\u00e9cembre \u00e0 20 h, trouvent que nous ne sommes pas des r\u00e9publicains, car, disent-ils, c\u2019est une date r\u00e9publicaine. Cependant, ce qu\u2019il devrait se demander, c\u2019est si le pr\u00e9sident respecte la R\u00e9publique, lui qui utilise la justice et la gendarmerie contre d\u2019innocents S\u00e9n\u00e9galais.\u00a0Celui qui prot\u00e8ge ceux qui volent les deniers publics, est-il un r\u00e9publicain ? C\u2019est lui-m\u00eame qui ne respecte pas la R\u00e9publique. Il faut protester contre un troisi\u00e8me mandat\u2019\u2019, d\u00e9fend M. Sonko.\nPar ailleurs, le leader du Pastef, par ailleurs Maire de Ziguinchor, a rappel\u00e9 que \u2018\u2019la R\u00e9publique, ce sont les citoyens. C'est \u00e0 eux de lancer un message au pr\u00e9sident de la R\u00e9publique. Ils doivent se demander s\u2019il a tenu ses promesses en onze ans de r\u00e8gne. De 20 h \u00e0 20 h 30, ce sont les citoyens qui parleront au pr\u00e9sident, au cours d'une date r\u00e9publicaine. Ce n'est pas Ousmane Sonko, mais c'est la R\u00e9publique qui parle au pr\u00e9sident de la R\u00e9publique\u2019\u2019, a-t-il affirm\u00e9.\nCe sera une occasion de plus, d\u2019apr\u00e8s lui, pour manifester contre la hausse des prix. La vie est ch\u00e8re, d\u2019apr\u00e8s lui.\nUne semaine apr\u00e8s ce concert, il appelle \u00e0 un rassemblement le 6 janvier 2023, sans pour \u00e9voquer les raisons de ce rassemblement.<em>Amadou Fall<\/em>\n","protected":false},"excerpt":{"rendered":"<p>RAPPORT COUR DES COMPTES, TROISI\u00c8ME MANDAT : Les actions que compte mener Sonko Le leader du Pastef, Ousmane Sonko, invite les S\u00e9n\u00e9galais \u00e0 prendre massivement part \u00e0 la manifestation de la soci\u00e9t\u00e9 civile, le 30 d\u00e9cembre prochain. Le lendemain, il leur demande d\u2019animer un concert de casseroles et annonce un rassemblement le 6 janvier 2023. [&hellip;]<\/p>\n","protected":false},"author":8,"featured_media":0,"comment_status":"open","ping_status":"open","sticky":false,"template":"","format":"standard","meta":{"_jetpack_newsletter_access":"","_jetpack_dont_email_post_to_subs":false,"_jetpack_newsletter_tier_id":0,"_jetpack_memberships_contains_paywalled_content":false,"_jetpack_memberships_contains_paid_content":false,"footnotes":""},"categories":[42],"tags":[151,965,378],"class_list":["post-11253","post","type-post","status-publish","format-standard","hentry","category-economie","tag-3e-mandat","tag-cour-des-comptes","tag-ousmane-sonko"],"jetpack_featured_media_url":"","jetpack_sharing_enabled":true,"_links":{"self":[{"href":"https:\/\/rp221.com\/index.php?rest_route=\/wp\/v2\/posts\/11253","targetHints":{"allow":["GET"]}}],"collection":[{"href":"https:\/\/rp221.com\/index.php?rest_route=\/wp\/v2\/posts"}],"about":[{"href":"https:\/\/rp221.com\/index.php?rest_route=\/wp\/v2\/types\/post"}],"author":[{"embeddable":true,"href":"https:\/\/rp221.com\/index.php?rest_route=\/wp\/v2\/users\/8"}],"replies":[{"embeddable":true,"href":"https:\/\/rp221.com\/index.php?rest_route=%2Fwp%2Fv2%2Fcomments&post=11253"}],"version-history":[{"count":0,"href":"https:\/\/rp221.com\/index.php?rest_route=\/wp\/v2\/posts\/11253\/revisions"}],"wp:attachment":[{"href":"https:\/\/rp221.com\/index.php?rest_route=%2Fwp%2Fv2%2Fmedia&parent=11253"}],"wp:term":[{"taxonomy":"category","embeddable":true,"href":"https:\/\/rp221.com\/index.php?rest_route=%2Fwp%2Fv2%2Fcategories&post=11253"},{"taxonomy":"post_tag","embeddable":true,"href":"https:\/\/rp221.com\/index.php?rest_route=%2Fwp%2Fv2%2Ftags&post=11253"}],"curies":[{"name":"wp","href":"https:\/\/api.w.org\/{rel}","templated":true}]}}