{"id":11247,"date":"2022-12-28T17:57:49","date_gmt":"2022-12-28T17:57:49","guid":{"rendered":"https:\/\/rp221.com\/?p=11247"},"modified":"2022-12-28T18:05:08","modified_gmt":"2022-12-28T18:05:08","slug":"tambacounda-va-connaitre-une-nouvelle-trajectoire-de-developpement-promet-macky-sall","status":"publish","type":"post","link":"https:\/\/rp221.com\/?p=11247","title":{"rendered":"Tambacounda va conna\u00eetre une nouvelle trajectoire de d\u00e9veloppement, promet Macky Sall"},"content":{"rendered":"\n<h3 class=\"red\"><strong><em>Tambacounda va conna\u00eetre une nouvelle trajectoire de d\u00e9veloppement, promet Macky Sall<\/em><\/strong><\/h3>\nTambacounda, 27 d\u00e8c (APS) - La trajectoire de d\u00e9veloppement de la r\u00e9gion orientale du S\u00e9n\u00e9gal va connaitre une nouvelle impulsion durant les trois prochaines ann\u00e9es (2023-2025), a annonc\u00e9 le pr\u00e9sident de la R\u00e9publique Macky Sall.\nIl pr\u00e9sidait, mardi, dans l\u2019apr\u00e8s-midi, un conseil pr\u00e9sidentiel devant permettre \u2018\u2019d\u2019assoir un d\u00e9veloppement \u00e9quitable et durable de la r\u00e9gion de Tambacounda''.\nSe \u2018\u2019f\u00e9licitant'' de la bonne pr\u00e9paration de cette rencontre qui a permis des \u2018\u2019\u00e9changes directs'', le chef de l\u2019Etat\u00a0a dit noter des \u2018\u2019perspectives fort prometteuses pour la r\u00e9gion de Tambacounda, apr\u00e8s un diagnostic sans complaisance''.\nEn\u00a0termes de programmes et projets phares pour la r\u00e9gionale orientale, le chef de l\u2019Etat a notamment insist\u00e9 sur la cr\u00e9ation de l\u2019universit\u00e9 du S\u00e9n\u00e9gal oriental, la construction d\u2019un h\u00f4pital de niveau 3, la relance du chemin de fer.\nMacky Sall a aussi \u00e9voqu\u00e9 le besoin de renforcement de la s\u00e9curit\u00e9 pour mettre fin au trafic de bois et la n\u00e9cessit\u00e9 de d\u00e9senclavement de la r\u00e9gion, \u00e0 travers notamment le d\u00e9veloppement de l\u2019a\u00e9roport r\u00e9gional de Tambacounda.\nLe pr\u00e9sident de la R\u00e9publique a aussi soulign\u00e9 la n\u00e9cessit\u00e9 \u2018\u2019d\u2019intensifier'' l\u2019affectation d\u2019agents publics dans la r\u00e9gion dans les secteurs prioritaires comme la sant\u00e9.\nLe chef de l'Etat a par ailleurs\u00a0invit\u00e9 le Premier ministre et son gouvernement d\u2019assurer un \u2018\u2019suivi permanent'' des programmes qui ont \u00e9t\u00e9 arr\u00eat\u00e9s durant ce conseil pr\u00e9sidentiel consacr\u00e9 au d\u00e9veloppement \u00e9conomique et social de la r\u00e9gion de TambacoundaSMD\/OID\n","protected":false},"excerpt":{"rendered":"<p>Tambacounda va conna\u00eetre une nouvelle trajectoire de d\u00e9veloppement, promet Macky Sall Tambacounda, 27 d\u00e8c (APS) &#8211; La trajectoire de d\u00e9veloppement de la r\u00e9gion orientale du S\u00e9n\u00e9gal va connaitre une nouvelle impulsion durant les trois prochaines ann\u00e9es (2023-2025), a annonc\u00e9 le pr\u00e9sident de la R\u00e9publique Macky Sall. Il pr\u00e9sidait, mardi, dans l\u2019apr\u00e8s-midi, un conseil pr\u00e9sidentiel devant [&hellip;]<\/p>\n","protected":false},"author":8,"featured_media":0,"comment_status":"open","ping_status":"open","sticky":false,"template":"","format":"standard","meta":{"_jetpack_newsletter_access":"","_jetpack_dont_email_post_to_subs":false,"_jetpack_newsletter_tier_id":0,"_jetpack_memberships_contains_paywalled_content":false,"_jetpack_memberships_contains_paid_content":false,"footnotes":""},"categories":[42],"tags":[59],"class_list":["post-11247","post","type-post","status-publish","format-standard","hentry","category-economie","tag-macky-sall"],"jetpack_featured_media_url":"","jetpack_sharing_enabled":true,"_links":{"self":[{"href":"https:\/\/rp221.com\/index.php?rest_route=\/wp\/v2\/posts\/11247","targetHints":{"allow":["GET"]}}],"collection":[{"href":"https:\/\/rp221.com\/index.php?rest_route=\/wp\/v2\/posts"}],"about":[{"href":"https:\/\/rp221.com\/index.php?rest_route=\/wp\/v2\/types\/post"}],"author":[{"embeddable":true,"href":"https:\/\/rp221.com\/index.php?rest_route=\/wp\/v2\/users\/8"}],"replies":[{"embeddable":true,"href":"https:\/\/rp221.com\/index.php?rest_route=%2Fwp%2Fv2%2Fcomments&post=11247"}],"version-history":[{"count":0,"href":"https:\/\/rp221.com\/index.php?rest_route=\/wp\/v2\/posts\/11247\/revisions"}],"wp:attachment":[{"href":"https:\/\/rp221.com\/index.php?rest_route=%2Fwp%2Fv2%2Fmedia&parent=11247"}],"wp:term":[{"taxonomy":"category","embeddable":true,"href":"https:\/\/rp221.com\/index.php?rest_route=%2Fwp%2Fv2%2Fcategories&post=11247"},{"taxonomy":"post_tag","embeddable":true,"href":"https:\/\/rp221.com\/index.php?rest_route=%2Fwp%2Fv2%2Ftags&post=11247"}],"curies":[{"name":"wp","href":"https:\/\/api.w.org\/{rel}","templated":true}]}}