{"id":11220,"date":"2022-12-28T16:51:10","date_gmt":"2022-12-28T16:51:10","guid":{"rendered":"https:\/\/rp221.com\/?p=11220"},"modified":"2022-12-28T17:00:28","modified_gmt":"2022-12-28T17:00:28","slug":"levolution-du-besoin-de-financement-de-leconomie-senegalaise-decryptee","status":"publish","type":"post","link":"https:\/\/rp221.com\/?p=11220","title":{"rendered":"L&rsquo;\u00e9volution du besoin de financement de l&rsquo;\u00e9conomie s\u00e9n\u00e9galaise d\u00e9crypt\u00e9e"},"content":{"rendered":"\n<h3 class=\"red\"><strong><em>L'\u00e9volution du besoin de financement de l'\u00e9conomie s\u00e9n\u00e9galaise d\u00e9crypt\u00e9e<\/em><\/strong><\/h3>\nDakar, 28 d\u00e9c (APS) - Le besoin de financement ext\u00e9rieur de l'\u00e9conomie s\u00e9n\u00e9galaise est pass\u00e9 de 1393 milliards en 2020 \u00e0 1723 milliards en 2021, a-t-on appris du ministre des Finances et du Budget.\nCette \"performance\" a \u00e9t\u00e9 r\u00e9alis\u00e9e dans un contexte de dynamisme des \u00e9changes ext\u00e9rieurs et de rel\u00e8vement des prix internationaux, a indiqu\u00e9\u00a0Mamadou Moustapha Ba, mardi, \u00e0 Dakar, lors de la quinzi\u00e8me \u00e9dition de la journ\u00e9e de diffusion des comptes ext\u00e9rieurs du S\u00e9n\u00e9gal.\nCette am\u00e9lioration relative est \"le reflet d'une forte progression des exportations de plus de 26%\", a dit le ministre du Budget, selon qui l'examen des comptes ext\u00e9rieurs renseigne sur l'\u00e9tat de l'\u00e9volution de l'ensemble des transactions \u00e9conomiques, des biens, des services et des capitaux.\n\"Les indicateurs cl\u00e9s des comptes ext\u00e9rieurs du S\u00e9n\u00e9gal ont \u00e9t\u00e9 impact\u00e9s en 2021 par le contexte de reprise \u00e9conomique\u00a0post-Covid et l'acc\u00e9l\u00e9ration du d\u00e9veloppement des projets p\u00e9troliers et gaziers\u201d, a soulign\u00e9 Mamadou Moustapha Ba.\nIl a relev\u00e9 que \"le d\u00e9ficit du compte courant du S\u00e9n\u00e9gal est ressorti \u00e0 12% du PIB en 2021\". Une situation li\u00e9e \"en partie \u00e0 l'\u00e9volution de la balance des services qui est sortie d\u00e9ficitaire en 2021\".\n\"Cette d\u00e9gradation de la balance des services est toutefois annonciatrice des effets positifs attendus dans les ann\u00e9es \u00e0 venir du d\u00e9veloppement des projets p\u00e9troliers et gaziers, qui ont n\u00e9gativement pes\u00e9 sur l'\u00e9volution de ce compte au cours des derni\u00e8res ann\u00e9es\", a-t-il fait remarquer.\n<h4 class=\"blue\"><strong><em>Il ajoute que \"le second facteur est li\u00e9 \u00e0 l'envol\u00e9e des cours du fret maritime\"\u00a0<\/em><\/strong><\/h4>\nAussi le rench\u00e9rissement des prix des mati\u00e8res premi\u00e8res sur les march\u00e9s internationaux, ajout\u00e9 \u00e0 l'impact du conflit russo-ukrainien et la crise s\u00e9curitaire dans la sous-r\u00e9gion, ont-ils \"provoqu\u00e9 un ralentissement plus important que pr\u00e9vu de notre activit\u00e9 \u00e9conomique\", a indiqu\u00e9 M. Ba.\nLe directeur national de la Banque centrale des Etats de l\u2019Afrique de l\u2019Ouest (BCEAO) pour le S\u00e9n\u00e9gal, Ahmadou Al Aminou Lo, a pour sa part fait observer que \u201cla balance commerciale est d\u00e9ficitaire de l'ordre de 1700 milliards\". Il en est de m\u00eame de la balance des services, \"aussi d\u00e9ficitaire de fa\u00e7on tr\u00e8s importante\".\n\"Mais, quand on regarde dans le d\u00e9tail, a poursuivi M. L\u00f4, il y a des raisons de se dire que ce d\u00e9ficit est un d\u00e9ficit vertueux, puisque sur la balance des services, vous enregistrez tout ce qui est en train d'\u00eatre investi au S\u00e9n\u00e9gal pour permettre \u00e0 partir de la fin de l'ann\u00e9e 2023, d'avoir une \u00e9conomie exportatrice de p\u00e9trole\".\n\"Nous nous attendons \u00e0 partir de 2024, \u00e0 un compte courant qui soit certes d\u00e9ficitaire, mais d'environ 2% du PIB, ce qui est un chiffre historique. Ce qui veut dire que le S\u00e9n\u00e9gal aura moins besoin de l'\u00e9tranger pour \u00e9quilibrer ses comptes ext\u00e9rieurs\", a-t-il insist\u00e9.\u00a0BT\/ASG\/BK\n\n\n\n<p class=\"wp-block-paragraph\"><\/p>\n","protected":false},"excerpt":{"rendered":"<p>L&rsquo;\u00e9volution du besoin de financement de l&rsquo;\u00e9conomie s\u00e9n\u00e9galaise d\u00e9crypt\u00e9e Dakar, 28 d\u00e9c (APS) &#8211; Le besoin de financement ext\u00e9rieur de l&rsquo;\u00e9conomie s\u00e9n\u00e9galaise est pass\u00e9 de 1393 milliards en 2020 \u00e0 1723 milliards en 2021, a-t-on appris du ministre des Finances et du Budget. Cette \u00ab\u00a0performance\u00a0\u00bb a \u00e9t\u00e9 r\u00e9alis\u00e9e dans un contexte de dynamisme des \u00e9changes [&hellip;]<\/p>\n","protected":false},"author":8,"featured_media":0,"comment_status":"open","ping_status":"open","sticky":false,"template":"","format":"standard","meta":{"_jetpack_newsletter_access":"","_jetpack_dont_email_post_to_subs":false,"_jetpack_newsletter_tier_id":0,"_jetpack_memberships_contains_paywalled_content":false,"_jetpack_memberships_contains_paid_content":false,"footnotes":""},"categories":[42],"tags":[612],"class_list":["post-11220","post","type-post","status-publish","format-standard","hentry","category-economie","tag-finance-publique"],"jetpack_featured_media_url":"","jetpack_sharing_enabled":true,"_links":{"self":[{"href":"https:\/\/rp221.com\/index.php?rest_route=\/wp\/v2\/posts\/11220","targetHints":{"allow":["GET"]}}],"collection":[{"href":"https:\/\/rp221.com\/index.php?rest_route=\/wp\/v2\/posts"}],"about":[{"href":"https:\/\/rp221.com\/index.php?rest_route=\/wp\/v2\/types\/post"}],"author":[{"embeddable":true,"href":"https:\/\/rp221.com\/index.php?rest_route=\/wp\/v2\/users\/8"}],"replies":[{"embeddable":true,"href":"https:\/\/rp221.com\/index.php?rest_route=%2Fwp%2Fv2%2Fcomments&post=11220"}],"version-history":[{"count":0,"href":"https:\/\/rp221.com\/index.php?rest_route=\/wp\/v2\/posts\/11220\/revisions"}],"wp:attachment":[{"href":"https:\/\/rp221.com\/index.php?rest_route=%2Fwp%2Fv2%2Fmedia&parent=11220"}],"wp:term":[{"taxonomy":"category","embeddable":true,"href":"https:\/\/rp221.com\/index.php?rest_route=%2Fwp%2Fv2%2Fcategories&post=11220"},{"taxonomy":"post_tag","embeddable":true,"href":"https:\/\/rp221.com\/index.php?rest_route=%2Fwp%2Fv2%2Ftags&post=11220"}],"curies":[{"name":"wp","href":"https:\/\/api.w.org\/{rel}","templated":true}]}}