{"id":11215,"date":"2022-12-28T16:54:04","date_gmt":"2022-12-28T16:54:04","guid":{"rendered":"https:\/\/rp221.com\/?p=11215"},"modified":"2022-12-28T17:00:28","modified_gmt":"2022-12-28T17:00:28","slug":"le-solde-de-la-balance-courante-projete-a-15-en-2022","status":"publish","type":"post","link":"https:\/\/rp221.com\/?p=11215","title":{"rendered":"Le solde de la balance courante projet\u00e9 \u00e0 15% en 2022"},"content":{"rendered":"\n<h3 class=\"red\"><strong><em>Le solde de la balance courante projet\u00e9 \u00e0 15% en 2022<\/em><\/strong><\/h3>\n<a href=\"https:\/\/www.lejecos.com\/\" data-saferedirecturl=\"https:\/\/www.google.com\/url?hl=fr&amp;q=https:\/\/www.lejecos.com\/&amp;source=gmail&amp;ust=1672323689520000&amp;usg=AOvVaw3WULBBfvxd0ieOZyY8Y5wM\">https:\/\/www.lejecos.com\/<\/a> Les projections d\u2019\u00e9volution de la balance des paiements du S\u00e9n\u00e9gal en 2022 ressentiront des tensions inflationnistes not\u00e9es notamment sur les produits alimentaires et \u00e9nerg\u00e9tiques. C\u2019est ce qu\u2019a soulign\u00e9 le directeur national de la Bceao ce 27 d\u00e9cembre lors de la quinzi\u00e8me \u00e9dition de la journ\u00e9e nationale de diffusion des comptes ext\u00e9rieurs du S\u00e9n\u00e9gal.\nPour Ahmadou Al Aminou Lo, le solde global de la balance des paiements ressortirait d\u00e9ficitaire sous l\u2019effet d\u2019une d\u00e9gradation du d\u00e9ficit du compte des biens et services et d\u2019une augmentation moins importante des ressources mobilis\u00e9es \u00e0 l\u2019international.\nIl indique ainsi que le solde de la balance courante rapport\u00e9 au Pib, quant \u00e0 lui, se d\u00e9t\u00e9riorerait de 3,0 points de pourcentage, autour de 15% du Pib en 2022, en relation avec la d\u00e9gradation du compte d\u2019importation de biens d\u2019une part et celui importations de services li\u00e9es aux activit\u00e9s de Recherche\/D\u00e9veloppement et des travaux de construction dans le cadre de la mise en \u0153uvre des projets d\u2019hydrocarbures.\nSelon lui, ce d\u00e9ficit devrait n\u00e9anmoins amorcer une am\u00e9lioration \u00e0 compter de l\u2019ann\u00e9e 2023 voire 2024 en se situant \u00e0 pr\u00e8s de 3%.\nPar ailleurs le ministre en charge des finances et du budget Mamadou Moustapha Ba qui s\u2019est exprim\u00e9 \u00e0 travers une vid\u00e9o projet\u00e9e lors de la c\u00e9r\u00e9monie d\u2019ouverture a indiqu\u00e9 que la croissance du S\u00e9n\u00e9gal devrait s\u2019\u00e9tablir \u00e0 4,8% en 2022 contre 5,5% initialement projet\u00e9. Une r\u00e9vision imputable \u00e0 la baisse de la croissance enregistr\u00e9e dans les secteurs primaire et secondaire ajoute \u2013il.\nCependant, l\u2019argentier s\u00e9n\u00e9galais soutient que les actions mises en \u0153uvre par l\u2019Etat du S\u00e9n\u00e9gal pour soutenir la commercialisation des produits agricoles et l\u2019investissement dans le secteur touristique ont largement contribu\u00e9 \u00e0 la bonne tenue du secteur tertiaire.\nPar cons\u00e9quent, il fait savoir qu\u2019au total, le solde global de la balance des paiements ressortirait n\u00e9gatif en 2022 contre un exc\u00e9dent de 144,5 milliards enregistr\u00e9 en 2021.<strong>Bassirou MBAYE<\/strong>\n","protected":false},"excerpt":{"rendered":"<p>Le solde de la balance courante projet\u00e9 \u00e0 15% en 2022 https:\/\/www.lejecos.com\/ Les projections d\u2019\u00e9volution de la balance des paiements du S\u00e9n\u00e9gal en 2022 ressentiront des tensions inflationnistes not\u00e9es notamment sur les produits alimentaires et \u00e9nerg\u00e9tiques. C\u2019est ce qu\u2019a soulign\u00e9 le directeur national de la Bceao ce 27 d\u00e9cembre lors de la quinzi\u00e8me \u00e9dition de [&hellip;]<\/p>\n","protected":false},"author":8,"featured_media":0,"comment_status":"open","ping_status":"open","sticky":false,"template":"","format":"standard","meta":{"_jetpack_newsletter_access":"","_jetpack_dont_email_post_to_subs":false,"_jetpack_newsletter_tier_id":0,"_jetpack_memberships_contains_paywalled_content":false,"_jetpack_memberships_contains_paid_content":false,"footnotes":""},"categories":[42],"tags":[51],"class_list":["post-11215","post","type-post","status-publish","format-standard","hentry","category-economie","tag-balance-commerciale"],"jetpack_featured_media_url":"","jetpack_sharing_enabled":true,"_links":{"self":[{"href":"https:\/\/rp221.com\/index.php?rest_route=\/wp\/v2\/posts\/11215","targetHints":{"allow":["GET"]}}],"collection":[{"href":"https:\/\/rp221.com\/index.php?rest_route=\/wp\/v2\/posts"}],"about":[{"href":"https:\/\/rp221.com\/index.php?rest_route=\/wp\/v2\/types\/post"}],"author":[{"embeddable":true,"href":"https:\/\/rp221.com\/index.php?rest_route=\/wp\/v2\/users\/8"}],"replies":[{"embeddable":true,"href":"https:\/\/rp221.com\/index.php?rest_route=%2Fwp%2Fv2%2Fcomments&post=11215"}],"version-history":[{"count":0,"href":"https:\/\/rp221.com\/index.php?rest_route=\/wp\/v2\/posts\/11215\/revisions"}],"wp:attachment":[{"href":"https:\/\/rp221.com\/index.php?rest_route=%2Fwp%2Fv2%2Fmedia&parent=11215"}],"wp:term":[{"taxonomy":"category","embeddable":true,"href":"https:\/\/rp221.com\/index.php?rest_route=%2Fwp%2Fv2%2Fcategories&post=11215"},{"taxonomy":"post_tag","embeddable":true,"href":"https:\/\/rp221.com\/index.php?rest_route=%2Fwp%2Fv2%2Ftags&post=11215"}],"curies":[{"name":"wp","href":"https:\/\/api.w.org\/{rel}","templated":true}]}}