{"id":11121,"date":"2022-12-27T19:50:46","date_gmt":"2022-12-27T19:50:46","guid":{"rendered":"https:\/\/rp221.com\/?p=11121"},"modified":"2022-12-27T19:50:53","modified_gmt":"2022-12-27T19:50:53","slug":"4eme-edition-des-journees-de-lagroecologie-la-dynamique-enclenchee-pour-la-mise-a-lechelle","status":"publish","type":"post","link":"https:\/\/rp221.com\/?p=11121","title":{"rendered":"4eme \u00e9dition des journ\u00e9es de l\u2019agro\u00e9cologie : la dynamique enclench\u00e9e pour la mise \u00e0 l\u2019\u00e9chelle"},"content":{"rendered":"\n<h3 class=\"red\"><strong><em>4eme \u00e9dition des journ\u00e9es de l\u2019agro\u00e9cologie : la dynamique enclench\u00e9e pour la mise \u00e0 l\u2019\u00e9chelle<\/em><\/strong><\/h3>\n<a href=\"https:\/\/www.sudquotidien.sn\" data-saferedirecturl=\"https:\/\/www.google.com\/url?hl=fr&amp;q=https:\/\/www.sudquotidien.sn&amp;source=gmail&amp;ust=1672248286519000&amp;usg=AOvVaw2vyfXCQPKNRIg-hT4h2pkP\">https:\/\/www.sudquotidien.sn<\/a><strong> Les acteurs de la transition agro-\u00e9cologique souhaitent un passage \u00e0 l\u2019\u00e9chelle, apr\u00e8s des exp\u00e9riences r\u00e9unies dans le S\u00e9n\u00e9gal Oriental et au Nord. La dynamique pour une transition \u00e9cologique au S\u00e9n\u00e9gal \u00e9tait en conclave pendant trois jours au Lac Rose.<\/strong>\nEn direction de la quatri\u00e8me \u00e9dition des journ\u00e9es de l\u2019agro-\u00e9cologie, la dynamique pour une transition \u00e9cologique au S\u00e9n\u00e9gal (DyTAES) se pr\u00e9pare \u00e0 la mise \u00e0 l\u2019\u00e9chelle de ce mode de production agricole, pour une agriculture durable et r\u00e9siliente aux changements climatiques. Les acteurs de la DyTAEs \u00e9taient en conclave pendant trois jours au Lac Rose. Une rencontre qui a permis aux acteurs de proc\u00e9der \u00e0 une \u00e9valuation et un partage d\u2019exp\u00e9riences sur diff\u00e9rentes initiatives mises en \u0153uvre dans le domaine.\u00a0 A la lumi\u00e8re des r\u00e9sultats encourageants, les acteurs estiment que l\u2019agro-\u00e9cologie appara\u00eet comme une r\u00e9ponse pertinente \u00e0 la probl\u00e9matique d\u2019adaptation agricole au Sahel, notamment en mati\u00e8re de gestion de l\u2019eau, de pr\u00e9servation du sol contre l\u2019\u00e9rosion ou de gestion de la fertilit\u00e9\u0301 des sols. Toutefois, l\u2019agro-\u00e9cologie continue de souffrir d\u2019un manque d\u2019engagement des politiques et d\u2019un d\u00e9ficit de capitalisation et de validation scientifique de ses r\u00e9sultats obtenus, et surtout d\u2019analyse des facteurs et freins au d\u00e9veloppement et au succ\u00e8s des pratiques. Dans ce cadre, un projet appel\u00e9 AVACLIM (une voie d\u2019adaptation au changement climatique dans les zones s\u00e8ches) est mis en \u0153uvre dans 7 pays (Afrique du Sud, Br\u00e9sil, Burkina Faso, Ethiopie, Inde, Maroc, S\u00e9n\u00e9gal) pour un d\u00e9ploiement facile de la transition agro \u00e9cologique dans ces r\u00e9gions. Au S\u00e9n\u00e9gal, ce projet est mis en \u0153uvre dans le cadre de la Dynamique pour une Transition Agro-\u00e9cologique au S\u00e9n\u00e9gal (DyTAES) avec deux champs d\u2019exp\u00e9rimentation \u00e0 SARE BOUBOU (R\u00e9gion de Tamba) et la Ferme de Ngu\u00e9lack avec l\u2019appui de l\u2019IRD, de l\u2019ISRA et d\u2019Enda Pronat. Des r\u00e9sultats probants ont \u00e9t\u00e9 enregistr\u00e9s et feront l\u2019objet d\u2019une validation scientifique avant d\u2019\u00eatre utilis\u00e9s dans le cadre du plaidoyer, aupr\u00e8s des autorit\u00e9s, pour le passage \u00e0 l\u2019\u00e9chelle de l\u2019agro-\u00e9cologie.\nD\u2019ores et d\u00e9j\u00e0, l\u2019Etat \u00e0 travers le minist\u00e8re de l\u2019Agriculture s\u2019engage \u00e0 accorder une assiette fonci\u00e8re plus large pour cette forme d\u2019agriculture. C\u2019est ce qu\u2019a fait savoir le repr\u00e9sentant du minist\u00e8re \u00e0 l\u2019atelier. Les sols d\u00e9grad\u00e9s d\u00e9j\u00e0 r\u00e9cup\u00e9r\u00e9s seront consacr\u00e9s d\u00e9sormais \u00e0 la transition \u00e9cologique. \u00ab\u00a0Nous avons mis ce qu\u2019on appelle le cadre national d\u2019investissement strat\u00e9gique pour la gestion durable des terres qui a pour objectif de restaurer toutes les terres d\u00e9grad\u00e9es et mettre en place des formules d\u2019intensification agricole\u00a0\u00bb, a dit Ibrahima Khalil Sabaly de la Direction de l\u2019agriculture.\nPour rappel, les journ\u00e9es de l\u2019agro-\u00e9cologie se tiendront du 6 au 16 f\u00e9vrier 2023 dans les six zones \u00e9co-g\u00e9ographiques du S\u00e9n\u00e9gal.<strong>WORE NDOYE<\/strong>\n","protected":false},"excerpt":{"rendered":"<p>4eme \u00e9dition des journ\u00e9es de l\u2019agro\u00e9cologie : la dynamique enclench\u00e9e pour la mise \u00e0 l\u2019\u00e9chelle https:\/\/www.sudquotidien.sn Les acteurs de la transition agro-\u00e9cologique souhaitent un passage \u00e0 l\u2019\u00e9chelle, apr\u00e8s des exp\u00e9riences r\u00e9unies dans le S\u00e9n\u00e9gal Oriental et au Nord. La dynamique pour une transition \u00e9cologique au S\u00e9n\u00e9gal \u00e9tait en conclave pendant trois jours au Lac Rose. [&hellip;]<\/p>\n","protected":false},"author":8,"featured_media":0,"comment_status":"open","ping_status":"open","sticky":false,"template":"","format":"standard","meta":{"_jetpack_newsletter_access":"","_jetpack_dont_email_post_to_subs":false,"_jetpack_newsletter_tier_id":0,"_jetpack_memberships_contains_paywalled_content":false,"_jetpack_memberships_contains_paid_content":false,"footnotes":""},"categories":[42],"tags":[1067],"class_list":["post-11121","post","type-post","status-publish","format-standard","hentry","category-economie","tag-agro-ecologie"],"jetpack_featured_media_url":"","jetpack_sharing_enabled":true,"_links":{"self":[{"href":"https:\/\/rp221.com\/index.php?rest_route=\/wp\/v2\/posts\/11121","targetHints":{"allow":["GET"]}}],"collection":[{"href":"https:\/\/rp221.com\/index.php?rest_route=\/wp\/v2\/posts"}],"about":[{"href":"https:\/\/rp221.com\/index.php?rest_route=\/wp\/v2\/types\/post"}],"author":[{"embeddable":true,"href":"https:\/\/rp221.com\/index.php?rest_route=\/wp\/v2\/users\/8"}],"replies":[{"embeddable":true,"href":"https:\/\/rp221.com\/index.php?rest_route=%2Fwp%2Fv2%2Fcomments&post=11121"}],"version-history":[{"count":0,"href":"https:\/\/rp221.com\/index.php?rest_route=\/wp\/v2\/posts\/11121\/revisions"}],"wp:attachment":[{"href":"https:\/\/rp221.com\/index.php?rest_route=%2Fwp%2Fv2%2Fmedia&parent=11121"}],"wp:term":[{"taxonomy":"category","embeddable":true,"href":"https:\/\/rp221.com\/index.php?rest_route=%2Fwp%2Fv2%2Fcategories&post=11121"},{"taxonomy":"post_tag","embeddable":true,"href":"https:\/\/rp221.com\/index.php?rest_route=%2Fwp%2Fv2%2Ftags&post=11121"}],"curies":[{"name":"wp","href":"https:\/\/api.w.org\/{rel}","templated":true}]}}