{"id":10821,"date":"2022-12-26T08:31:10","date_gmt":"2022-12-26T08:31:10","guid":{"rendered":"https:\/\/rp221.com\/?p=10821"},"modified":"2022-12-26T08:31:32","modified_gmt":"2022-12-26T08:31:32","slug":"larcheveque-de-dakar-appelle-a-bannir-la-violence","status":"publish","type":"post","link":"https:\/\/rp221.com\/?p=10821","title":{"rendered":"L\u2019archev\u00eaque de Dakar appelle \u00e0 bannir la violence"},"content":{"rendered":"\n<h3 class=\"red\"><strong><em>L\u2019archev\u00eaque de Dakar appelle \u00e0 bannir la violence<\/em><\/strong><\/h3>\nDakar, 24 d\u00e9c (APS) \u2013 L\u2019archev\u00eaque de Dakar, Monseigneur Benjamin Ndiaye, a appel\u00e9 les S\u00e9n\u00e9galais, \u00e0 l'occasion de la c\u00e9l\u00e9bration de No\u00ebl, \u00e0 bannir la violence, afin d\u2019\u00e9viter \u2018\u2019les diff\u00e9rentes menaces d\u2019incendie qui nous guettent\u2019\u2019.\n\u2018\u2019Il est n\u00e9cessaire que nos pens\u00e9es, notre langue, nos paroles servent plut\u00f4t \u00e0 b\u00e9nir qu\u2019\u00e0 d\u00e9truire, \u00e0 r\u00e9concilier qu\u2019\u00e0 diviser, \u00e0 dire la v\u00e9rit\u00e9 qu\u2019\u00e0 prof\u00e9rer des mensonges. C\u2019est ainsi que nous \u00e9viterons les diff\u00e9rentes menaces d\u2019incendie qui nous guettent\u2019\u2019, \u00e9crit le quotidien Le Soleil en le citant.\nLe journal a relay\u00e9 le traditionnel discours prononc\u00e9 \u00e0 la veille de la c\u00e9l\u00e9bration de No\u00ebl par le chef de l\u2019Eglise catholique au S\u00e9n\u00e9gal.\nLa violence physique et verbale \u2018\u2019scandalise les plus faibles et donne \u00e0 croire que nous avons du mal \u00e0 instaurer un d\u00e9bat d\u2019id\u00e9es, m\u00eame contradictoire, dans le respect des personnes, des institutions et des valeurs morales re\u00e7ues de nos traditions ancestrales et de nos croyances religieuses\u2019\u2019, a soulign\u00e9 le guide religieux.\n\u2018\u2019Comment ne pas nous convaincre que c\u2019est en d\u00e9finitive l\u2019utilisation qui pose probl\u00e8me ?\u2019\u2019 s\u2019est interrog\u00e9 Monseigneur Benjamin Ndiaye en parlant des \u00e9carts de langage sur les r\u00e9seaux sociaux.\n\u2018\u2019C\u2019est l\u2019homme, avec sa conscience, qui qualifie l\u2019usage qu\u2019il fait de l\u2019instrument. Suivant ses motivations, ses pens\u00e9es ou ses pulsions, il peut en faire des moyens de bienfaisance ou de malfaisance\u2019\u2019, a-t-il ajout\u00e9, concernant toujours les r\u00e9seaux sociaux.\nLa communaut\u00e9 catholique s\u00e9n\u00e9galaise comm\u00e9more, dans la nuit de samedi \u00e0 dimanche, la naissance de J\u00e9sus-Christ, \u00e0 l\u2019instar des chr\u00e9tiens de nombreux pays.\nUne messe sera dite \u00e0 partir de minuit, \u00e0 la cath\u00e9drale de Dakar, sous la direction de l\u2019archev\u00eaque Benjamin Ndiaye.AKS\/ESF\n","protected":false},"excerpt":{"rendered":"<p>L\u2019archev\u00eaque de Dakar appelle \u00e0 bannir la violence Dakar, 24 d\u00e9c (APS) \u2013 L\u2019archev\u00eaque de Dakar, Monseigneur Benjamin Ndiaye, a appel\u00e9 les S\u00e9n\u00e9galais, \u00e0 l&rsquo;occasion de la c\u00e9l\u00e9bration de No\u00ebl, \u00e0 bannir la violence, afin d\u2019\u00e9viter \u2018\u2019les diff\u00e9rentes menaces d\u2019incendie qui nous guettent\u2019\u2019. \u2018\u2019Il est n\u00e9cessaire que nos pens\u00e9es, notre langue, nos paroles servent plut\u00f4t [&hellip;]<\/p>\n","protected":false},"author":8,"featured_media":0,"comment_status":"open","ping_status":"open","sticky":false,"template":"","format":"standard","meta":{"_jetpack_newsletter_access":"","_jetpack_dont_email_post_to_subs":false,"_jetpack_newsletter_tier_id":0,"_jetpack_memberships_contains_paywalled_content":false,"_jetpack_memberships_contains_paid_content":false,"footnotes":""},"categories":[43],"tags":[1033,574],"class_list":["post-10821","post","type-post","status-publish","format-standard","hentry","category-social","tag-archeveque-benjamin-ndiaye","tag-violence"],"jetpack_featured_media_url":"","jetpack_sharing_enabled":true,"_links":{"self":[{"href":"https:\/\/rp221.com\/index.php?rest_route=\/wp\/v2\/posts\/10821","targetHints":{"allow":["GET"]}}],"collection":[{"href":"https:\/\/rp221.com\/index.php?rest_route=\/wp\/v2\/posts"}],"about":[{"href":"https:\/\/rp221.com\/index.php?rest_route=\/wp\/v2\/types\/post"}],"author":[{"embeddable":true,"href":"https:\/\/rp221.com\/index.php?rest_route=\/wp\/v2\/users\/8"}],"replies":[{"embeddable":true,"href":"https:\/\/rp221.com\/index.php?rest_route=%2Fwp%2Fv2%2Fcomments&post=10821"}],"version-history":[{"count":0,"href":"https:\/\/rp221.com\/index.php?rest_route=\/wp\/v2\/posts\/10821\/revisions"}],"wp:attachment":[{"href":"https:\/\/rp221.com\/index.php?rest_route=%2Fwp%2Fv2%2Fmedia&parent=10821"}],"wp:term":[{"taxonomy":"category","embeddable":true,"href":"https:\/\/rp221.com\/index.php?rest_route=%2Fwp%2Fv2%2Fcategories&post=10821"},{"taxonomy":"post_tag","embeddable":true,"href":"https:\/\/rp221.com\/index.php?rest_route=%2Fwp%2Fv2%2Ftags&post=10821"}],"curies":[{"name":"wp","href":"https:\/\/api.w.org\/{rel}","templated":true}]}}