{"id":10375,"date":"2022-12-20T13:46:08","date_gmt":"2022-12-20T13:46:08","guid":{"rendered":"https:\/\/rp221.com\/?p=10375"},"modified":"2022-12-20T16:45:31","modified_gmt":"2022-12-20T16:45:31","slug":"corrompus-mais-pas-foutus","status":"publish","type":"post","link":"https:\/\/rp221.com\/?p=10375","title":{"rendered":"Corrompus, mais pas foutus !"},"content":{"rendered":"\n<h3 class=\"red\"><strong><em>Corrompus, mais pas foutus !\u2026Par Oumou Wane<\/em><\/strong><\/h3>\nLe plus triste et choquant avec la corruption c\u2019est qu\u2019elle affecte souvent les populations vuln\u00e9rables en d\u00e9tournant les fonds indispensables \u00e0 l\u2019\u00e9ducation ou \u00e0 la sant\u00e9.\nEt m\u00eame si tout cela devient tr\u00e8s lassant, nous ne devons jamais cesser de nous indigner contre ce fl\u00e9au \u00e9rig\u00e9 en mode de fonctionnement dans notre pays.\n<h4 class=\"blue\"><strong><em>Cette fois-ci, c\u2019est du fonds de riposte au Covid-19 qu\u2019il s\u2019agit et le S\u00e9n\u00e9gal vient de toucher le fond !<\/em><\/strong><\/h4>\nDans un rapport r\u00e9cent, c\u2019est la Cour des comptes de notre pays, qui \u00e9pingle la mauvaise gestion de ces fonds, pour ne pas dire, mais disons-le quand m\u00eame, leur d\u00e9tournement. Selon la cour, des \u00ab fautes et des infractions p\u00e9nales \u00bb pr\u00e9sum\u00e9es ont \u00e9t\u00e9 commises durant les ann\u00e9es 2020-2021 dans la gestion de ce fonds, mis en place par le pr\u00e9sident Macky Sall, et dont l\u2019objectif \u00e9tait de renforcer en urgence le syst\u00e8me de sant\u00e9 d\u00e9faillant de notre pays, soutenir les m\u00e9nages, la diaspora et les entreprises priv\u00e9es et maintenir un approvisionnement correct du pays en produits m\u00e9dicaux, pharmaceutiques et denr\u00e9es de base.\nIl est \u00e9vident que nos gouvernants ne sont pas \u201ctous pourris\u201d et que notre Pr\u00e9sident qui a lui-m\u00eame mis en place ce fonds ne peut pas contr\u00f4ler chacune de nos d\u00e9penses publiques, mais enfin \u00e0 force, il doit savoir que le probl\u00e8me de la corruption est r\u00e9current dans notre pays et qu\u2019il nourrit le ras-le-bol des populations.\nLa corruption freine la croissance \u00e9conomique, nuit \u00e0 l\u2019\u00e9tat de droit, met en p\u00e9ril la d\u00e9mocratie et entra\u00eene un gaspillage de pr\u00e9cieuses ressources. La corruption, c\u2019est comme un air pollu\u00e9 qu\u2019on respire et malgr\u00e9 les annonces des dirigeants pour l\u2019enrayer, elle persiste et l\u2019exemplarit\u00e9 qui devrait \u00eatre le socle de l\u2019action publique est responsable au contraire d\u2019une aggravation de la situation.\n\u00c9videmment donc que la justice doit se saisir des recommandations de la Cour des comptes sur la gestion des fonds destin\u00e9s au Covid 19. Notre pr\u00e9occupation, c\u2019est que les citoyens aient de nouveau un jour confiance en leurs dirigeants.\n<h4 class=\"blue\"><strong><em>Dans son rapport la Cour rel\u00e8ve aussi des conflits d\u2019int\u00e9r\u00eats et entorses au Code des march\u00e9s. Elle r\u00e9clame l\u2019ouverture d\u2019une information judiciaire contre au moins dix responsables nationaux.<\/em><\/strong><\/h4>\nPlus de 700 milliards de FCFA avaient \u00e9t\u00e9 mobilis\u00e9s pour la riposte Covid-19 par les bailleurs et les s\u00e9n\u00e9galais, soit plus de 1 milliard d\u2019euros. Sur plus d\u2019une centaine de pages, le rapport de la Cour des comptes charge lourdement la gestion de ce fonds.\nDes surfacturations en veux-tu en voil\u00e0, des d\u00e9tournements d\u2019objectifs \u00e0 tout va, du braquage en r\u00e8gle sur cette manne financi\u00e8re.\nComment dans ces conditions, ne pas \u00e9tablir un cercle vicieux entre pauvret\u00e9 et corruption ?\nPour les pauvres, les femmes et les minorit\u00e9s, la corruption se traduit souvent par un acc\u00e8s encore plus restreint \u00e0 l\u2019emploi, \u00e0 l\u2019\u00e9ducation et aux soins.\nLa corruption est une maladie politique grave et c\u2019est le r\u00f4le de notre Pr\u00e9sident de s\u00e9vir \u00e0 l\u2019\u00e9gard de ce syst\u00e8me et de r\u00e9tablir l\u2019\u00e9tat de droit dans notre pays en remaniant s\u2019il le faut, pour vider nos institutions de ces d\u00e9linquants en col blanc.\nL\u2019opposition veut se pencher sur le rapport de la Cour des comptes et faire la lumi\u00e8re sur ces \u00ab fautes \u00bb de gestion. C\u2019est son r\u00f4le de faire en sorte que ce d\u00e9bat soit pos\u00e9 \u00e0 l\u2019assembl\u00e9e nationale.\nMais au-del\u00e0 de ces d\u00e9bats, c\u2019est bien une r\u00e9flexion globale qu\u2019il faudra mener pour lutter contre ce fl\u00e9au. Une culture de la vigilance qui est l\u2019affaire de tous. Contre les professionnels de la corruption, il faut que tout le monde se mobilise. C\u2019est au peuple et aux jeunes s\u00e9n\u00e9galais aussi de remettre en question cette \u00e9ducation \u00e0 la triche et au mensonge. Notre pays est corrompu mais je ne le pense pas d\u00e9finitivement foutu. Nous n\u2019avons plus qu\u2019\u00e0 le refaire, un peu plus \u00e9quitable, pour nos petits-enfants.Oumou Wane\n","protected":false},"excerpt":{"rendered":"<p>Corrompus, mais pas foutus !\u2026Par Oumou Wane Le plus triste et choquant avec la corruption c\u2019est qu\u2019elle affecte souvent les populations vuln\u00e9rables en d\u00e9tournant les fonds indispensables \u00e0 l\u2019\u00e9ducation ou \u00e0 la sant\u00e9. Et m\u00eame si tout cela devient tr\u00e8s lassant, nous ne devons jamais cesser de nous indigner contre ce fl\u00e9au \u00e9rig\u00e9 en mode [&hellip;]<\/p>\n","protected":false},"author":8,"featured_media":0,"comment_status":"open","ping_status":"open","sticky":false,"template":"","format":"standard","meta":{"_jetpack_newsletter_access":"","_jetpack_dont_email_post_to_subs":false,"_jetpack_newsletter_tier_id":0,"_jetpack_memberships_contains_paywalled_content":false,"_jetpack_memberships_contains_paid_content":false,"footnotes":""},"categories":[45],"tags":[69],"class_list":["post-10375","post","type-post","status-publish","format-standard","hentry","category-contributions","tag-oumou-wane"],"jetpack_featured_media_url":"","jetpack_sharing_enabled":true,"_links":{"self":[{"href":"https:\/\/rp221.com\/index.php?rest_route=\/wp\/v2\/posts\/10375","targetHints":{"allow":["GET"]}}],"collection":[{"href":"https:\/\/rp221.com\/index.php?rest_route=\/wp\/v2\/posts"}],"about":[{"href":"https:\/\/rp221.com\/index.php?rest_route=\/wp\/v2\/types\/post"}],"author":[{"embeddable":true,"href":"https:\/\/rp221.com\/index.php?rest_route=\/wp\/v2\/users\/8"}],"replies":[{"embeddable":true,"href":"https:\/\/rp221.com\/index.php?rest_route=%2Fwp%2Fv2%2Fcomments&post=10375"}],"version-history":[{"count":0,"href":"https:\/\/rp221.com\/index.php?rest_route=\/wp\/v2\/posts\/10375\/revisions"}],"wp:attachment":[{"href":"https:\/\/rp221.com\/index.php?rest_route=%2Fwp%2Fv2%2Fmedia&parent=10375"}],"wp:term":[{"taxonomy":"category","embeddable":true,"href":"https:\/\/rp221.com\/index.php?rest_route=%2Fwp%2Fv2%2Fcategories&post=10375"},{"taxonomy":"post_tag","embeddable":true,"href":"https:\/\/rp221.com\/index.php?rest_route=%2Fwp%2Fv2%2Ftags&post=10375"}],"curies":[{"name":"wp","href":"https:\/\/api.w.org\/{rel}","templated":true}]}}