{"id":10320,"date":"2022-12-20T11:00:32","date_gmt":"2022-12-20T11:00:32","guid":{"rendered":"https:\/\/rp221.com\/?p=10320"},"modified":"2022-12-20T11:04:31","modified_gmt":"2022-12-20T11:04:31","slug":"ces-ministres-peuvent-sestimer-heureux-de-navoir-ete-que-limoges","status":"publish","type":"post","link":"https:\/\/rp221.com\/?p=10320","title":{"rendered":"Ces ministres peuvent s\u2019estimer heureux de n\u2019avoir \u00e9t\u00e9 que limog\u00e9s"},"content":{"rendered":"\n<h3 class=\"red\"><strong><em>Ces ministres peuvent s\u2019estimer heureux de n\u2019avoir \u00e9t\u00e9 que limog\u00e9s Par Madiambal DIAGNE<\/em><\/strong><\/h3>\nLa publication des derniers rapports de la Cour des comptes suscite l\u2019indignation g\u00e9n\u00e9ralis\u00e9e, quant \u00e0 la gabegie relev\u00e9e dans la gestion des ressources publiques allou\u00e9es \u00e0 diff\u00e9rentes administrations. Les fautes sont graves et la d\u00e9sinvolture avec laquelle certains actes de pr\u00e9dation ont \u00e9t\u00e9 commis laisse sans voix. C\u2019est comme si l\u2019impunit\u00e9 leur avait \u00e9t\u00e9 assur\u00e9e d\u2019avance\u00a0! Seulement, la situation n\u2019autorise plus de passer de tels actes de mauvaise gouvernance par pertes et profits. Il est en effet rare de trouver des r\u00e9v\u00e9lations de mauvaise gestion qui aient pu autant choquer l\u2019opinion publique. La r\u00e9volte tient surtout au fait que pendant que tout le monde avait la peur au ventre, enterrait ses morts dans la douleur et craignait d\u2019\u00eatre emport\u00e9 soi-m\u00eame par la pand\u00e9mie du Covid 19, des agents publics profitaient de cette d\u00e9tresse g\u00e9n\u00e9rale pour s\u2019en mettre plein les poches, s\u2019enrichir \u00e0 c\u0153ur joie, sans scrupule, avec cynisme. Il n\u2019est pas exag\u00e9r\u00e9 de dire que si les importantes ressources d\u00e9gag\u00e9es pour faire face \u00e0 la pand\u00e9mie du Covid-19 avaient \u00e9t\u00e9 utilis\u00e9es \u00e0 bon escient, peut-\u00eatre que le S\u00e9n\u00e9gal n\u2019aurait pas enterr\u00e9 autant de morts, que son tissu \u00e9conomique et social aurait \u00e9t\u00e9 plus r\u00e9silient, que le drame n\u2019aurait pas atteint les proportions dont on subit encore les s\u00e9quelles. L\u2019autre raison tient au fait que les efforts consentis par le S\u00e9n\u00e9gal dans la lutte contre la pand\u00e9mie avaient \u00e9t\u00e9 salu\u00e9s de par le monde et notre pays avait \u00e9t\u00e9 cit\u00e9 en exemple pour sa prise en charge du Covid. La r\u00e9activit\u00e9 impuls\u00e9e par le pr\u00e9sident Macky Sall avait permis de montrer la voie et des partenaires internationaux n\u2019avaient pas h\u00e9sit\u00e9 \u00e0 aider et soutenir le S\u00e9n\u00e9gal, peut-\u00eatre dans des proportions bien sup\u00e9rieures aux aides consenties \u00e0 de nombreux autres pays. On peut imaginer la d\u00e9ception de ces partenaires et leur dirimante exigence de v\u00e9rit\u00e9 et de transparence. D\u2019ailleurs, les institutions financi\u00e8res internationales ont encourag\u00e9 le gouvernement du S\u00e9n\u00e9gal et la Cour des comptes \u00e0 rendre public le rapport d\u00e9finitif intitul\u00e9\u00a0 : \u00abContr\u00f4le de la gestion du fonds de riposte et de solidarit\u00e9 contre les effets de la Covid 19 (Force covid). Gestion 2020 et 2021\u00bb. De toute fa\u00e7on, la Cour des comptes allait le faire, selon son agenda propre car aucun rapport des corps de contr\u00f4le de l\u2019\u00c9tat n\u2019\u00e9chappe d\u00e9sormais \u00e0 la publication. Quelles r\u00e9ponses le pr\u00e9sident de la R\u00e9publique, Macky Sall va-t-il apporter \u00e0 ce toll\u00e9\u00a0? Chercherait-il \u00e0 sauver les \u00absiens\u00bb de l\u2019opprobre, au risque d\u2019\u00e9clabousser gravement sa gouvernance et son cr\u00e9do de transparence et de gouvernance vertueuse\u00a0? Pourtant, nous avions alert\u00e9 \u00e0 travers ces colonnes, au moment de la commission des faits de bamboula sur les ressources d\u00e9di\u00e9es au Covid-19.\n<h4 class=\"blue\"><strong><em>Question \u00e0 mille balles\u00a0 : Qui m\u00e9rite aujourd\u2019hui d\u2019\u00eatre arr\u00eat\u00e9\u00a0?<\/em><\/strong><\/h4>\nDans une chronique en date du 3 juin 2020, au plus fort de la pand\u00e9mie du Covid-19, nous avions tenu \u00e0 alerter, \u00e0 mettre en garde, soulignant notamment que\u00a0 : \u00abLa crise provoqu\u00e9e par la pand\u00e9mie du Covid-19 a r\u00e9v\u00e9l\u00e9 les faiblesses, carences, lacunes et autres dysfonctionnements dans l\u2019action du gouvernement. Les rat\u00e9s sont nombreux. Et comme touch\u00e9s par une mal\u00e9diction, les ministres n\u2019arrivent presque plus \u00e0 faire les choses comme cela se devrait. A la v\u00e9rit\u00e9, ce gouvernement ne peut pas aller plus loin, au risque d\u2019ab\u00eemer l\u2019image du chef de l\u2019\u00c9tat et de finir par compromettre tout ce que le Pr\u00e9sident Macky Sall a eu \u00e0 r\u00e9ussir dans sa gouvernance publique\u00bb. Nous insistions, \u00e0 l\u2019endroit du Chef de l\u2019\u00c9tat et de ses proches, qui s\u2019offusquaient de certaines critiques en leur pr\u00e9cisant que\u00a0 : \u00a0\u00abCe n\u2019est pas toujours parce que les gens ne vous aiment pas\u00bb. En effet, \u00abIl faut dire que la gestion de la pand\u00e9mie a mis \u00e0 nu des tares et des situations d\u2019incomp\u00e9tence qu\u2019on pouvait difficilement soup\u00e7onner de la part de nombreux ministres et de leurs collaborateurs. Il s\u2019y ajoute de r\u00e9els cas d\u2019une malgouvernance outrageante. L\u2019heure des comptes de l\u2019utilisation de l\u2019enveloppe de 1 000 milliards de francs, pr\u00e9vue pour les actions de riposte contre le Covid-19, est partie pour donner des situations de grandes et d\u00e9licates controverses\u00bb. C\u2019\u00e9tait pour mettre le doigt notamment sur le d\u00e9mant\u00e8lement des centres de traitement des end\u00e9mies (Cte) avec des mat\u00e9riels qui se retrouvaient comme par hasard dans les souks de Keur Serigne bi, ou que des cliniques m\u00e9dicales priv\u00e9es se retrouvaient comme par enchantement dot\u00e9es d\u2019appareils respiratoires dont elles \u00e9taient totalement d\u00e9pourvues quelques jours auparavant.\nCes lignes avaient provoqu\u00e9 une r\u00e9action outr\u00e9e de nombreux responsables du pouvoir, dont notamment le Directeur g\u00e9n\u00e9ral du Prodac \u00e0 l\u2019\u00e9poque, Pape Malick Ndour, piqu\u00e9 par on ne sait quelle mouche, qui \u00e9tait mont\u00e9 au cr\u00e9neau pour demander rien de moins que l\u2019arrestation de Madiambal Diagne, qui venait ainsi de porter de graves accusations qui terniraient l\u2019image du gouvernement. Pape Malick Ndour est devenu ministre de la Jeunesse. Peut-\u00eatre que le z\u00e8le de mauvais aloi, doubl\u00e9 du don ou de l\u2019art de noyer\u00a0le poisson, assure des carri\u00e8res minist\u00e9rielles dans ce pays\u00a0! Le ministre de la Sant\u00e9 Abdoulaye Diouf Sarr et ses affid\u00e9s s\u2019\u00e9panchaient eux aussi \u00e0 travers des m\u00e9dias pour me menacer de plaintes et d\u2019on ne sait quelles foudres. On peut, apr\u00e8s la publication de l\u2019\u00e9tat des lieux faits par la Cour des comptes, se faire une bonne id\u00e9e de qui m\u00e9riterait v\u00e9ritablement d\u2019aller en prison dans cette affaire\u00a0! Je r\u00e9pondais \u00e0 mes pourfendeurs qui me d\u00e9signaient comme un faux-ami du Pr\u00e9sident Sall, le 15 juin 2020, que\u00a0 : \u00a0\u00abJe me suis fait le serment de lui dire strictement la v\u00e9rit\u00e9, consid\u00e9rant que je ne pourrais lui \u00eatre utile et \u00eatre utile \u00e0 la R\u00e9publique que dans une posture de v\u00e9rit\u00e9 et de franchise. En de nombreuses occasions, l\u2019un et l\u2019autre, nous avons pu \u00e9prouver notre amiti\u00e9. Ce n\u2019est pas pour autant que mon pacte avec le S\u00e9n\u00e9gal en souffrirait d\u2019une quelconque mani\u00e8re\u00bb.\nPour ce qui le concerne, on peut dire que le Pr\u00e9sident Macky Sall avait d\u00e9j\u00e0 fini de se faire son opinion sur la mauvaise gestion des ressources consacr\u00e9es \u00e0 la lutte contre le Covid-19.\u00a0En effet, au hit-parade des actes de pr\u00e9dation de ressources publiques, on constate bien que les ministres limog\u00e9s lors des derniers remaniements du gouvernement tiennent le haut du pav\u00e9. Le grand public a d\u00e9sormais une bonne explication des raisons qui ont particip\u00e9 \u00e0 d\u00e9cider le pr\u00e9sident Macky Sall de se s\u00e9parer de quelques membres de son gouvernement. Certains limogeages avaient provoqu\u00e9 beaucoup de commentaires et d\u2019incompr\u00e9hensions, pour ne pas dire de vives protestations. Quelques initi\u00e9s avaient pu dire, pour calmer des ardeurs, que le simple limogeage serait la meilleure des choses qui pouvait arriver \u00e0 nombre de ministres qui venaient de perdre leur place au gouvernement. Il reste que tous les ministres \u00e9pingl\u00e9s et limog\u00e9s du gouvernement ont d\u00e9j\u00e0 \u00e9t\u00e9 recycl\u00e9s \u00e0 d\u2019autres emplois publics, encore que dans le gouvernement, d\u2019autres ministres devront raser les murs apr\u00e8s les r\u00e9v\u00e9lations effarantes de la Cour des comptes. D\u2019aucuns ont voulu invoquer le rapport \u00e9labor\u00e9 par le G\u00e9n\u00e9ral Fran\u00e7ois Ndiaye et les membres du Comit\u00e9 de suivi de \u00abForce Covid-19\u00bb sur la gestion de la pand\u00e9mie pour s\u2019absoudre. Ce rapport qui blanchit la plupart des protagonistes, se voit ainsi d\u00e9savou\u00e9 par la Cour des comptes. Il \u00e9tait assez facile de ne pas s\u2019y tromper. \u00abLe g\u00e9n\u00e9ral Ndiaye risquait de n\u2019y voir que du feu\u00bb, avions-nous annonc\u00e9, d\u2019autant que le G\u00e9n\u00e9ral Fran\u00e7ois Ndiaye et son \u00e9quipe n\u2019\u00e9taient pas outill\u00e9s ou pr\u00e9par\u00e9s pour mener avec pertinence les investigations n\u00e9cessaires et d\u00e9busquer les avatars de la gestion des ressources englouties dans des march\u00e9s pass\u00e9s \u00e0 la va-vite. A leur corps d\u00e9fendant, le G\u00e9n\u00e9ral Ndiaye et son \u00e9quipe \u00e9prouvaient d\u2019\u00e9normes difficult\u00e9s pour acc\u00e9der aux informations. La collaboration des diff\u00e9rentes administrations n\u2019\u00e9tait pas \u00e9vidente et cette situation avait d\u2019ailleurs \u00e9t\u00e9 d\u00e9plor\u00e9e par le G\u00e9n\u00e9ral Ndiaye lors d\u2019une conf\u00e9rence de presse, le 11\u00a0juin\u00a02020.\n<h4 class=\"blue\"><strong><em>Le pr\u00e9sident Sall promet de faire la lumi\u00e8re sans complaisance aucune<\/em><\/strong><\/h4>\nOn ne peut pas ne pas \u00eatre en col\u00e8re de voir que personne n\u2019avait voulu entendre les sonnettes d\u2019alarme tir\u00e9es. Malheureusement, nous pr\u00e9disions encore, le 20 avril 2020 dans un article intitul\u00e9 \u00abMacky Sall gagne et perd\u00a0\u00bb que les proches du chef de l\u2019\u00c9tat \u00abont rat\u00e9 une belle occasion de faire mentir leurs d\u00e9tracteurs. On ne regrettera jamais assez la triste pol\u00e9mique autour de la gestion de l\u2019aide apport\u00e9e aux populations socialement d\u00e9favoris\u00e9es, pour leur permettre de supporter les cons\u00e9quences \u00e9conomiques et sociales de la pand\u00e9mie. Les accusations de n\u00e9potisme et de manque de transparence ont \u00e9t\u00e9 port\u00e9es contre le gouvernement du S\u00e9n\u00e9gal. Cela est dommageable, car alt\u00e9rant cette image si opportun\u00e9ment construite. Pourtant, il y a eu tellement d\u2019alertes et de mises en garde pour que les pr\u00e9pos\u00e9s \u00e0 la gestion de ces fonds \u00e9vitent toute situation compromettante ou qui donnerait du grain \u00e0 moudre \u00e0 leurs d\u00e9tracteurs. La symphonie de l\u2019union sacr\u00e9e n\u2019avait pas emp\u00each\u00e9 des adversaires du r\u00e9gime de Macky Sall d\u2019\u00e9mettre des doutes, des suspicions quant \u00e0 la gestion vertueuse des ressources d\u00e9di\u00e9es au plan de riposte contre le Covid-19. Il s\u2019\u00e9tait m\u00eame trouv\u00e9 des personnes r\u00e9ticentes \u00e0 apporter leurs contributions, voulant se garder de donner de l\u2019argent susceptible d\u2019\u00eatre d\u00e9tourn\u00e9. Il est certes impossible dans ce pays d\u2019\u00e9viter des pol\u00e9miques li\u00e9es \u00e0 la gestion des ressources publiques, mais le gouvernement aurait gagn\u00e9 \u00e0 se montrer irr\u00e9prochable depuis qu\u2019un Ousmane Sonko, au sortir d\u2019une audience avec le Pr\u00e9sident Macky Sall, \u00e9talait ses r\u00e9serves quant \u00e0 une bonne gestion des ressources. La prudence devait aussi \u00eatre de rigueur quand le d\u00e9put\u00e9 Mamadou Lamine Diallo et des personnalit\u00e9s de la Soci\u00e9t\u00e9 civile avaient refus\u00e9 de donner un blanc-seing au gouvernement quant \u00e0 la gestion de ces fonds.\nIl est aussi utile de se rappeler la maxime selon laquelle \u00able malheur n\u2019arrive pas qu\u2019aux autres\u00bb. On sait comment la clameur publique avait poursuivi, tout le reste de sa vie, une certaine Siga S\u00e8ye Coulibaly, suite \u00e0 des op\u00e9rations de dons en faveur de la Croix-Rouge s\u00e9n\u00e9galaise dans les ann\u00e9es 1990. Le temps n\u2019a pas non plus effac\u00e9 des m\u00e9moires, l\u2019opprobre jet\u00e9 sur L\u00e9na Fall Diagne du fait de la mauvaise gestion de la campagne \u00abUne femme, un gramme d\u2019or\u00bb, cens\u00e9e \u00eatre une r\u00e9colte pour aider le S\u00e9n\u00e9gal confront\u00e9, dans les ann\u00e9es 1980, \u00e0 une crise \u00e9conomique aigu\u00eb. Qui ne se rappelle pas les d\u00e9boires de A\u00efda Ndiongue et de Abdoul Aziz Diop et compagnie, du fait de la gestion des op\u00e9rations d\u2019achat de produits phytosanitaires, en 2008, dans le cadre du \u00abPlan Jaxaay\u00bb, initi\u00e9 par le Pr\u00e9sident Abdoulaye Wade pour venir en aide aux populations sinistr\u00e9es par des inondations\u00a0?\u00a0Dans la gestion de la riposte contre le Covid-19, le gouvernement avait toutes les bonnes raisons de ne pas pr\u00eater le flanc, pour \u00e9viter de donner \u00e0 ses d\u00e9tracteurs le b\u00e2ton et se faire flageller. Les rat\u00e9s et autres m\u00e9prises dans les passations des march\u00e9s des denr\u00e9es \u00e0 distribuer aux populations sont assez ravageurs pour l\u2019image du Pr\u00e9sident Macky Sall\u00a0\u00bb.\nLe pr\u00e9sident Macky Sall aurait promis de faire toute la lumi\u00e8re sur ce scandale de la gestion de la pand\u00e9mie du Covid-19. La Cour des comptes ne semble pas laisser le choix au chef de l\u2019\u00c9tat en recommandant l\u2019ouverture d\u2019informations judiciaires sur de nombreux cas de pr\u00e9varication relev\u00e9s. La situation aurait pu \u00eatre plus embarrassante pour le pr\u00e9sident Macky Sall si son nouveau Premier ministre, Amadou Ba, faisait partie des ministres \u00e9pingl\u00e9s pour la gestion des fonds Covid-19. Amadou Ba \u00e9tait ministre des Affaires \u00e9trang\u00e8res et des S\u00e9n\u00e9galais de l\u2019Ext\u00e9rieur et son d\u00e9partement s\u2019\u00e9tait vu allouer quelque 12,5 milliards de francs de cr\u00e9dits tir\u00e9s de l\u2019enveloppe d\u00e9di\u00e9e \u00e0 la riposte contre le Covid-19. Amadou Ba, sachant sans doute qu\u2019\u00e0 l\u2019\u00e9poque il devait \u00eatre le plus surveill\u00e9 de tous, s\u2019\u00e9tait fait un point d\u2019honneur de rendre une copie propre. Cette attitude, il faut le dire, n\u2019avait pas beaucoup plu \u00e0 nombre de ses collaborateurs.<strong>Par Madiambal DIAGNE\u00a0 \u2013 <a href=\"mailto : mdiagne@lequotidien.sn\">mdiagne@lequotidien.sn<\/a><\/strong>\n","protected":false},"excerpt":{"rendered":"<p>Ces ministres peuvent s\u2019estimer heureux de n\u2019avoir \u00e9t\u00e9 que limog\u00e9s Par Madiambal DIAGNE La publication des derniers rapports de la Cour des comptes suscite l\u2019indignation g\u00e9n\u00e9ralis\u00e9e, quant \u00e0 la gabegie relev\u00e9e dans la gestion des ressources publiques allou\u00e9es \u00e0 diff\u00e9rentes administrations. Les fautes sont graves et la d\u00e9sinvolture avec laquelle certains actes de pr\u00e9dation ont [&hellip;]<\/p>\n","protected":false},"author":8,"featured_media":0,"comment_status":"open","ping_status":"open","sticky":false,"template":"","format":"standard","meta":{"_jetpack_newsletter_access":"","_jetpack_dont_email_post_to_subs":false,"_jetpack_newsletter_tier_id":0,"_jetpack_memberships_contains_paywalled_content":false,"_jetpack_memberships_contains_paid_content":false,"footnotes":""},"categories":[45],"tags":[138],"class_list":["post-10320","post","type-post","status-publish","format-standard","hentry","category-contributions","tag-madiambal-diagne"],"jetpack_featured_media_url":"","jetpack_sharing_enabled":true,"_links":{"self":[{"href":"https:\/\/rp221.com\/index.php?rest_route=\/wp\/v2\/posts\/10320","targetHints":{"allow":["GET"]}}],"collection":[{"href":"https:\/\/rp221.com\/index.php?rest_route=\/wp\/v2\/posts"}],"about":[{"href":"https:\/\/rp221.com\/index.php?rest_route=\/wp\/v2\/types\/post"}],"author":[{"embeddable":true,"href":"https:\/\/rp221.com\/index.php?rest_route=\/wp\/v2\/users\/8"}],"replies":[{"embeddable":true,"href":"https:\/\/rp221.com\/index.php?rest_route=%2Fwp%2Fv2%2Fcomments&post=10320"}],"version-history":[{"count":0,"href":"https:\/\/rp221.com\/index.php?rest_route=\/wp\/v2\/posts\/10320\/revisions"}],"wp:attachment":[{"href":"https:\/\/rp221.com\/index.php?rest_route=%2Fwp%2Fv2%2Fmedia&parent=10320"}],"wp:term":[{"taxonomy":"category","embeddable":true,"href":"https:\/\/rp221.com\/index.php?rest_route=%2Fwp%2Fv2%2Fcategories&post=10320"},{"taxonomy":"post_tag","embeddable":true,"href":"https:\/\/rp221.com\/index.php?rest_route=%2Fwp%2Fv2%2Ftags&post=10320"}],"curies":[{"name":"wp","href":"https:\/\/api.w.org\/{rel}","templated":true}]}}