{"id":10318,"date":"2022-12-20T10:06:14","date_gmt":"2022-12-20T10:06:14","guid":{"rendered":"https:\/\/rp221.com\/?p=10318"},"modified":"2022-12-20T11:04:29","modified_gmt":"2022-12-20T11:04:29","slug":"abdou-ndukur-kacc-ndao-coordonnateur-du-festival-des-cultures-diolas-doussouye-on-va-sortir-un-livre-sur-le-devenir-des-cultures-diolas","status":"publish","type":"post","link":"https:\/\/rp221.com\/?p=10318","title":{"rendered":"Abdou Ndukur Kacc Ndao, coordonnateur du Festival des cultures diolas d\u2019Oussouye : \u00abOn va sortir un livre sur le devenir des cultures diolas\u00bb"},"content":{"rendered":"\n<h3 class=\"red\"><strong><em>Abdou Ndukur Kacc Ndao, coordonnateur du Festival des cultures diolas d\u2019Oussouye : \u00abOn va sortir un livre sur le devenir des cultures diolas\u00bb<\/em><\/strong><\/h3>\n<strong><a href=\"https:\/\/lequotidien.sn\" data-saferedirecturl=\"https:\/\/www.google.com\/url?hl=fr&amp;q=https:\/\/lequotidien.sn&amp;source=gmail&amp;ust=1671615946420000&amp;usg=AOvVaw2btjbpETYLt3mvBdukcF1d\">https:\/\/lequotidien.sn<\/a> Le coordonnateur du Festival des cultures \u00addiolas, organis\u00e9 dans le d\u00e9partement d\u2019Oussouye, tire un bilan satisfaisant de cette 2e \u00e9dition qui s\u2019est d\u00e9roul\u00e9e au d\u00e9but du moi de d\u00e9cembre. Selon Abdou Ndukur Kacc Ndao, toutes les \u00adactivit\u00e9s pr\u00e9vues ont \u00e9t\u00e9 d\u00e9roul\u00e9es. Ce qui a co\u00fbt\u00e9 provisoirement 20 millions de francs Cfa aux organisateurs qui ont d\u00e9cid\u00e9 de sortir un livre intitul\u00e9 : \u00abLe devenir des cultures diolas.\u00bb<\/strong>\n<h4 class=\"blue\"><strong><em>Quelle a \u00e9t\u00e9 l\u2019innovation de la 2e \u00e9dition du festival qui a port\u00e9 sur le devenir des cultures diolas ?<\/em><\/strong><\/h4>\nIl y a eu plusieurs innovations. D\u2019abord le th\u00e8me, parce qu\u2019on parle du devenir des cultures diolas. Il y a une innovation institutionnelle parce que maintenant le festival est g\u00e9r\u00e9 par les cinq communes du d\u00e9partement d\u2019Oussouye et par trois de nos Ong partenaires. Nous, nous sommes seulement un comit\u00e9 ex\u00e9cutif qui respecte les directives du comit\u00e9 de gestion. Il y a plusieurs autres innovations. Cette ann\u00e9e, des gens sont venus de Youtou et d\u2019Affiniam faire du kumpo, on a fait du th\u00e9\u00e2tre incluant une troupe th\u00e9\u00e2trale de S\u00e9dhiou, une trentaine de groupes musicaux du S\u00e9n\u00e9gal et de la Guin\u00e9e-Bissau. En termes de mobilisation sociale, ce festival est beaucoup plus important que celui de l\u2019ann\u00e9e derni\u00e8re, et puis il y a eu beaucoup d\u2019activit\u00e9s que nous avons introduites telles que les stands pour permettre une activit\u00e9 \u00e9conomique du d\u00e9partement et au-del\u00e0.\n<h4 class=\"blue\"><strong><em>Quelles ont \u00e9t\u00e9 les activit\u00e9s phare cette ann\u00e9e ?<\/em><\/strong><\/h4>\nToutes ont \u00e9t\u00e9 des activit\u00e9s phare, parce qu\u2019on a eu le cin\u00e9ma qu\u2019on a introduit cette ann\u00e9e comme innovation, avec deux films de deux cin\u00e9astes s\u00e9n\u00e9galais. Sur le plan financier, le festival de l\u2019ann\u00e9e derni\u00e8re \u00e9tait autour de 3 millions, cette 2e \u00e9dition est autour pour le moment, on n\u2019a pas fini de financer, d\u2019au moins de 20 millions. Ce qui, quand m\u00eame, pr\u00e9juge de l\u2019ampleur du festival de cette ann\u00e9e. Tout \u00e9tait presque innovation, sauf ce que nous avions fait l\u2019ann\u00e9e derni\u00e8re. Cette ann\u00e9e on a d\u00e9cid\u00e9 de sortir un livre intitul\u00e9 Le devenir des cultures diolas qui sera \u00e9dit\u00e9 par le Pr Paul Di\u00e9dhiou. C\u2019est un livre qui devrait faire le point de la diversit\u00e9 qui caract\u00e9rise la Casamance. On est all\u00e9s aujourd\u2019hui \u00e0 l\u2019universit\u00e9 Assane Seck de Ziguinchor, ce qui est une autre innovation parce que d\u2019habitude, les activit\u00e9s du festival se menaient seulement \u00e0 Oussouye. Cette ann\u00e9e, on est venus \u00e0 l\u2019Uasz pour discuter du rapatriement des objets artistiques et humains avec le professeur Felwine Sarr et un d\u00e9bat sur la Casamance, avec des chercheurs fran\u00e7ais, s\u00e9n\u00e9galais, africains, des gens de diff\u00e9rents profils qui viennent des plateformes de femmes, des journalistes. Nous avons fait le point sur la situation actuelle de la Casamance.\n<h4 class=\"blue\"><strong><em>Vous \u00eates au terme du festival, quelles ont \u00e9t\u00e9 les difficult\u00e9s que vous avez rencontr\u00e9es ?<\/em><\/strong><\/h4>\nLe festival, comme toutes les organisations sociales en r\u00e8gle g\u00e9n\u00e9rale, c\u2019est toujours des difficult\u00e9s, mais la premi\u00e8re d\u2019entre elles et la plus importante, c\u2019est surtout \u00e0 la fin, on se rend compte qu\u2019on a un petit d\u00e9ficit financier li\u00e9 au fait qu\u2019il y a un certain nombre de ressources que nous attendions, mais le remaniement minist\u00e9riel a un peu perturb\u00e9 nos pr\u00e9visions. Mais en r\u00e8gle g\u00e9n\u00e9rale, on a eu m\u00eame plus que nos pr\u00e9visions, mais on a tellement de monde durant le festival, tellement de groupes. L\u2019autre innovation, on a d\u00e9plac\u00e9 40 m\u00e9decins qu\u2019il fallait loger et nourrir.\n<h4 class=\"blue\"><strong><em>Des m\u00e9decins pourquoi ?<\/em><\/strong><\/h4>\nOui des m\u00e9decins de diff\u00e9rentes pathologies pour consulter gratuitement. Les gens venaient au festival gratuitement, mais on leur offrait m\u00eame gratuitement les m\u00e9dicaments. Les difficult\u00e9s sont li\u00e9es \u00e0 la masse critique du festival, \u00e0 son ampleur humaine avec ses r\u00e9percussions sur le plan financier que nous avons r\u00e9ussi \u00e0 g\u00e9rer globalement. L\u2019ann\u00e9e prochaine, on va tirer les le\u00e7ons de ce qui s\u2019est pass\u00e9 cette ann\u00e9e.\n<h4 class=\"blue\"><strong><em>Quel bilan tirez-vous du festival ?<\/em><\/strong><\/h4>\nC\u2019est difficile pour un des organisateurs de tirer un bilan, c\u2019est comme si on est arbitre et partie, mais globalement, on est vraiment contents du festival parce qu\u2019on a fait tous les panels pr\u00e9vus, toutes les activit\u00e9s pr\u00e9vues malgr\u00e9 le fait que c\u2019\u00e9tait hyper cher pour l\u2019essentiel. Nous les avons ex\u00e9cut\u00e9s et cela donne \u00e0 un bilan relativement positif, au-del\u00e0 des contraintes que nous pouvons noter, car c\u2019est l\u2019organisation humaine qui est comme \u00e7a.<strong>Par Khady SONKO \u2013\u00a0<a href=\"mailto : ksonko@lequotidien.sn\">ksonko@lequotidien.sn<\/a><\/strong>\n","protected":false},"excerpt":{"rendered":"<p>Abdou Ndukur Kacc Ndao, coordonnateur du Festival des cultures diolas d\u2019Oussouye : \u00abOn va sortir un livre sur le devenir des cultures diolas\u00bb https:\/\/lequotidien.sn Le coordonnateur du Festival des cultures \u00addiolas, organis\u00e9 dans le d\u00e9partement d\u2019Oussouye, tire un bilan satisfaisant de cette 2e \u00e9dition qui s\u2019est d\u00e9roul\u00e9e au d\u00e9but du moi de d\u00e9cembre. Selon Abdou [&hellip;]<\/p>\n","protected":false},"author":8,"featured_media":0,"comment_status":"open","ping_status":"open","sticky":false,"template":"","format":"standard","meta":{"_jetpack_newsletter_access":"","_jetpack_dont_email_post_to_subs":false,"_jetpack_newsletter_tier_id":0,"_jetpack_memberships_contains_paywalled_content":false,"_jetpack_memberships_contains_paid_content":false,"footnotes":""},"categories":[43],"tags":[992],"class_list":["post-10318","post","type-post","status-publish","format-standard","hentry","category-social","tag-abdou-ndukur-kacc-ndao"],"jetpack_featured_media_url":"","jetpack_sharing_enabled":true,"_links":{"self":[{"href":"https:\/\/rp221.com\/index.php?rest_route=\/wp\/v2\/posts\/10318","targetHints":{"allow":["GET"]}}],"collection":[{"href":"https:\/\/rp221.com\/index.php?rest_route=\/wp\/v2\/posts"}],"about":[{"href":"https:\/\/rp221.com\/index.php?rest_route=\/wp\/v2\/types\/post"}],"author":[{"embeddable":true,"href":"https:\/\/rp221.com\/index.php?rest_route=\/wp\/v2\/users\/8"}],"replies":[{"embeddable":true,"href":"https:\/\/rp221.com\/index.php?rest_route=%2Fwp%2Fv2%2Fcomments&post=10318"}],"version-history":[{"count":0,"href":"https:\/\/rp221.com\/index.php?rest_route=\/wp\/v2\/posts\/10318\/revisions"}],"wp:attachment":[{"href":"https:\/\/rp221.com\/index.php?rest_route=%2Fwp%2Fv2%2Fmedia&parent=10318"}],"wp:term":[{"taxonomy":"category","embeddable":true,"href":"https:\/\/rp221.com\/index.php?rest_route=%2Fwp%2Fv2%2Fcategories&post=10318"},{"taxonomy":"post_tag","embeddable":true,"href":"https:\/\/rp221.com\/index.php?rest_route=%2Fwp%2Fv2%2Ftags&post=10318"}],"curies":[{"name":"wp","href":"https:\/\/api.w.org\/{rel}","templated":true}]}}