{"id":10224,"date":"2022-12-17T19:41:27","date_gmt":"2022-12-17T19:41:27","guid":{"rendered":"https:\/\/rp221.com\/?p=10224"},"modified":"2022-12-17T19:56:53","modified_gmt":"2022-12-17T19:56:53","slug":"la-f2s-decrete-48h-de-greve","status":"publish","type":"post","link":"https:\/\/rp221.com\/?p=10224","title":{"rendered":"LA F2S DECRETE 48H DE GREVE"},"content":{"rendered":"\n<h3 class=\"red\"><strong><em>LA F2S DECRETE 48H DE GREVE<\/em><\/strong><\/h3>\n<a href=\"https:\/\/www.sudquotidien.sn\" data-saferedirecturl=\"https:\/\/www.google.com\/url?hl=fr&amp;q=https:\/\/www.sudquotidien.sn&amp;source=gmail&amp;ust=1671383876309000&amp;usg=AOvVaw0s6ho7buy6ZRjgpgd0IfEe\">https:\/\/www.sudquotidien.sn<\/a> Le secteur de la sant\u00e9 va encore \u00eatre paralys\u00e9. La F\u00e9d\u00e9ration des syndicats de la sant\u00e9 F2S a d\u00e9cr\u00e9t\u00e9 48 heures de gr\u00e8ve, \u00e0 compter de ce jeudi 15 d\u00e9cembre, sur l\u2019ensemble du territoire national. Ce, sans respect du service minimum.\n<strong>Le secteur de la sant\u00e9 va encore \u00eatre paralys\u00e9. La F\u00e9d\u00e9ration des syndicats de la sant\u00e9 (F2S) a d\u00e9cr\u00e9t\u00e9 48 heures de gr\u00e8ve, \u00e0 compter de ce jeudi 15 d\u00e9cembre, sur l\u2019ensemble du territoire national. Ce, sans respect du service minimum.<\/strong>\n\u00abNous avions, il y a de cela un mois, pris la d\u00e9cision de surseoir \u00e0 toute activit\u00e9 de gr\u00e8ve, m\u00eame si la r\u00e9tention d\u2019informations continue. C\u2019\u00e9tait sur une demande du ministre de la Sant\u00e9, pour permettre de faciliter le dialogue avec les autorit\u00e9s. Mais nous constatons, avec regret, que cette m\u00eame motivation n\u2019est pas partag\u00e9e par l\u2019autre camp. C\u2019est pour cette raison que nous n\u2019avons d\u2019autre choix que de reprendre la lutte\u00bb, a d\u00e9clar\u00e9 le porte-parole de la F2S, Cheikh Seck, lors d\u2019une conf\u00e9rence de presse tenue hier, mercredi 14 d\u00e9cembre.\n<h4 class=\"blue\"><strong><em>Les syndicalistes de la sant\u00e9 d\u00e9noncent ainsi le non-respect des engagements des autorit\u00e9s.<\/em><\/strong><\/h4>\n\u00abDepuis la signature de l\u2019accord du 10 mai 2022, avec le ministre des Finances d\u2019alors, Abdoulaye Daouda Diallo, nous avions l\u2019impression que certaines personnes cherchent \u00e0 pourrir l\u2019atmosph\u00e8re.\nAu moment o\u00f9 la f\u00e9d\u00e9ration a d\u00e9cid\u00e9 de suspendre son mot d\u2019ordre de gr\u00e8ve, depuis la fin du mois d\u2019octobre, des coupures intempestives et des ponctions sur les salaires sont op\u00e9r\u00e9es par des techniciens du minist\u00e8re des Finances, surtout pour l\u2019indemnit\u00e9 d\u2019itin\u00e9rance\u00bb, regrette Cheikh Seck.\nLa F\u00e9d\u00e9ration des syndicats de la sant\u00e9 (F2S), qui compte d\u00e9poser un nouveau pr\u00e9avis de gr\u00e8ve, le lundi 19 d\u00e9cembre prochain, interpelle ainsi le Premier ministre pour coordonner les n\u00e9gociations, afin de trouver des solutions. En outre, la question de la gestion des Fonds \u00abForces Covid19\u00bb, dans laquelle la Cour des comptes a d\u00e9cel\u00e9 plusieurs manquements de la part des responsables, a \u00e9galement \u00e9t\u00e9 au menu de la conf\u00e9rence de presse de la F2S. Elle r\u00e9clame des poursuites judiciaires contre les auteurs. \u00abNous r\u00e9clamons des enqu\u00eates sur l\u2019utilisation des 200 milliards inject\u00e9s dans le secteur de la Sant\u00e9 durant la p\u00e9riode de la Covid19. Nous avons \u00e9t\u00e9 les premiers \u00e0 dire qu\u2019il y a beaucoup de d\u00e9rapages. On ne nous a jamais \u00e9cout\u00e9s. On nous avait parl\u00e9 de Plan de r\u00e9silience de 200 milliards ; mais ces 200 milliards, allez dans les h\u00f4pitaux pour qu\u2019on vous dise quel est le mat\u00e9riel qu\u2019on a achet\u00e9 ? Il faut qu\u2019ils nous disent o\u00f9 est pass\u00e9 l\u2019argent ? Il ne s\u2019agit pas seulement d\u2019une sortie des rapports de la Cour des comptes. Il faut qu\u2019il y ait des poursuites\u00bb, a fait savoir Cheikh Seck. Mariame DJIGO\n","protected":false},"excerpt":{"rendered":"<p>LA F2S DECRETE 48H DE GREVE https:\/\/www.sudquotidien.sn Le secteur de la sant\u00e9 va encore \u00eatre paralys\u00e9. La F\u00e9d\u00e9ration des syndicats de la sant\u00e9 F2S a d\u00e9cr\u00e9t\u00e9 48 heures de gr\u00e8ve, \u00e0 compter de ce jeudi 15 d\u00e9cembre, sur l\u2019ensemble du territoire national. Ce, sans respect du service minimum. Le secteur de la sant\u00e9 va encore [&hellip;]<\/p>\n","protected":false},"author":8,"featured_media":0,"comment_status":"open","ping_status":"open","sticky":false,"template":"","format":"standard","meta":{"_jetpack_newsletter_access":"","_jetpack_dont_email_post_to_subs":false,"_jetpack_newsletter_tier_id":0,"_jetpack_memberships_contains_paywalled_content":false,"_jetpack_memberships_contains_paid_content":false,"footnotes":""},"categories":[43],"tags":[987,483],"class_list":["post-10224","post","type-post","status-publish","format-standard","hentry","category-social","tag-f2s","tag-sante"],"jetpack_featured_media_url":"","jetpack_sharing_enabled":true,"_links":{"self":[{"href":"https:\/\/rp221.com\/index.php?rest_route=\/wp\/v2\/posts\/10224","targetHints":{"allow":["GET"]}}],"collection":[{"href":"https:\/\/rp221.com\/index.php?rest_route=\/wp\/v2\/posts"}],"about":[{"href":"https:\/\/rp221.com\/index.php?rest_route=\/wp\/v2\/types\/post"}],"author":[{"embeddable":true,"href":"https:\/\/rp221.com\/index.php?rest_route=\/wp\/v2\/users\/8"}],"replies":[{"embeddable":true,"href":"https:\/\/rp221.com\/index.php?rest_route=%2Fwp%2Fv2%2Fcomments&post=10224"}],"version-history":[{"count":0,"href":"https:\/\/rp221.com\/index.php?rest_route=\/wp\/v2\/posts\/10224\/revisions"}],"wp:attachment":[{"href":"https:\/\/rp221.com\/index.php?rest_route=%2Fwp%2Fv2%2Fmedia&parent=10224"}],"wp:term":[{"taxonomy":"category","embeddable":true,"href":"https:\/\/rp221.com\/index.php?rest_route=%2Fwp%2Fv2%2Fcategories&post=10224"},{"taxonomy":"post_tag","embeddable":true,"href":"https:\/\/rp221.com\/index.php?rest_route=%2Fwp%2Fv2%2Ftags&post=10224"}],"curies":[{"name":"wp","href":"https:\/\/api.w.org\/{rel}","templated":true}]}}